{"id":242,"date":"2015-04-08T16:49:41","date_gmt":"2015-04-08T16:49:41","guid":{"rendered":"https:\/\/redfilosofia.es\/atheneblog\/?p=242"},"modified":"2015-04-07T16:57:35","modified_gmt":"2015-04-07T16:57:35","slug":"videos-en-defensa-de-la-filosofia","status":"publish","type":"post","link":"https:\/\/redfilosofia.es\/atheneblog\/2015\/04\/08\/videos-en-defensa-de-la-filosofia\/","title":{"rendered":"V\u00eddeos en defensa de la Filosof\u00eda."},"content":{"rendered":"<p>La <a href=\"https:\/\/redfilosofia.es\" target=\"_blank\">REF<\/a>, en colaboraci\u00f3n con la <a href=\"http:\/\/www.uv.es\/filoeduc\">Facultad de Filosof\u00eda y CCEE <\/a>de la <a href=\"http:\/\/www.uv.es\/\" target=\"_blank\">Universidad de Valencia<\/a>, realiz\u00f3 una serie de <a href=\"https:\/\/www.youtube.com\/watch?v=SDmsVs-YzxA&amp;list=PLQSqENM7xIBYGOsPVbIih431i9AGzG-2d\" target=\"_blank\">v\u00eddeos en defensa de la Filosof\u00eda<\/a> a personajes de relevancia en el \u00e1mbito de la cultura con ocasi\u00f3n de la aprobaci\u00f3n de la LOMCE.<\/p>\n<p>Adjuntamos un enlace a cada uno de los v\u00eddeos que pr\u00f3ximamente se ir\u00e1n actualizando con la publicaci\u00f3n de los realizados al fil\u00f3sofo<a href=\"http:\/\/es.wikipedia.org\/wiki\/Jos%C3%A9_Luis_Pardo\" target=\"_blank\"> Jos\u00e9 Luis Pardo<\/a> y la escritora <a href=\"http:\/\/es.wikipedia.org\/wiki\/Elvira_Navarro\" target=\"_blank\">Elvira Navarro<\/a>.<\/p>\n<p><span class=\"embed-youtube\" style=\"text-align:center; display: block;\"><iframe loading=\"lazy\" class=\"youtube-player\" width=\"625\" height=\"352\" src=\"https:\/\/www.youtube.com\/embed\/SDmsVs-YzxA?version=3&#038;rel=1&#038;showsearch=0&#038;showinfo=1&#038;iv_load_policy=1&#038;fs=1&#038;hl=es-ES&#038;autohide=2&#038;wmode=transparent&#038;listType=playlist&#038;list=PLQSqENM7xIBYGOsPVbIih431i9AGzG-2d\" allowfullscreen=\"true\" style=\"border:0;\" sandbox=\"allow-scripts allow-same-origin allow-popups allow-presentation allow-popups-to-escape-sandbox\"><\/iframe><\/span><\/p>\n<p>&nbsp;<\/p>\n<p>&nbsp;<\/p>\n","protected":false},"excerpt":{"rendered":"<p>La REF, en colaboraci\u00f3n con la Facultad de Filosof\u00eda y CCEE de la Universidad de Valencia, realiz\u00f3 una serie de v\u00eddeos en defensa de la Filosof\u00eda a personajes de relevancia en el \u00e1mbito de la cultura con ocasi\u00f3n de la aprobaci\u00f3n de la LOMCE. Adjuntamos un enlace a cada uno de los v\u00eddeos que pr\u00f3ximamente [&hellip;]<\/p>\n","protected":false},"author":1,"featured_media":243,"comment_status":"open","ping_status":"open","sticky":false,"template":"","format":"gallery","meta":{"_bbp_topic_count":0,"_bbp_reply_count":0,"_bbp_total_topic_count":0,"_bbp_total_reply_count":0,"_bbp_voice_count":0,"_bbp_anonymous_reply_count":0,"_bbp_topic_count_hidden":0,"_bbp_reply_count_hidden":0,"_bbp_forum_subforum_count":0,"jetpack_post_was_ever_published":false,"footnotes":""},"categories":[41],"tags":[],"class_list":["post-242","post","type-post","status-publish","format-gallery","has-post-thumbnail","hentry","category-filosofia-a-la-vista","post_format-post-format-gallery"],"jetpack_featured_media_url":"https:\/\/redfilosofia.es\/atheneblog\/wp-content\/uploads\/sites\/5\/2015\/04\/video-SEO-google.jpg","jetpack_sharing_enabled":true,"jetpack_shortlink":"https:\/\/wp.me\/p5OYFZ-3U","_links":{"self":[{"href":"https:\/\/redfilosofia.es\/atheneblog\/wp-json\/wp\/v2\/posts\/242","targetHints":{"allow":["GET"]}}],"collection":[{"href":"https:\/\/redfilosofia.es\/atheneblog\/wp-json\/wp\/v2\/posts"}],"about":[{"href":"https:\/\/redfilosofia.es\/atheneblog\/wp-json\/wp\/v2\/types\/post"}],"author":[{"embeddable":true,"href":"https:\/\/redfilosofia.es\/atheneblog\/wp-json\/wp\/v2\/users\/1"}],"replies":[{"embeddable":true,"href":"https:\/\/redfilosofia.es\/atheneblog\/wp-json\/wp\/v2\/comments?post=242"}],"version-history":[{"count":3,"href":"https:\/\/redfilosofia.es\/atheneblog\/wp-json\/wp\/v2\/posts\/242\/revisions"}],"predecessor-version":[{"id":246,"href":"https:\/\/redfilosofia.es\/atheneblog\/wp-json\/wp\/v2\/posts\/242\/revisions\/246"}],"wp:featuredmedia":[{"embeddable":true,"href":"https:\/\/redfilosofia.es\/atheneblog\/wp-json\/wp\/v2\/media\/243"}],"wp:attachment":[{"href":"https:\/\/redfilosofia.es\/atheneblog\/wp-json\/wp\/v2\/media?parent=242"}],"wp:term":[{"taxonomy":"category","embeddable":true,"href":"https:\/\/redfilosofia.es\/atheneblog\/wp-json\/wp\/v2\/categories?post=242"},{"taxonomy":"post_tag","embeddable":true,"href":"https:\/\/redfilosofia.es\/atheneblog\/wp-json\/wp\/v2\/tags?post=242"}],"curies":[{"name":"wp","href":"https:\/\/api.w.org\/{rel}","templated":true}]}}