{"id":357947,"date":"2023-05-21T09:09:23","date_gmt":"2023-05-21T09:09:23","guid":{"rendered":"https:\/\/redfilosofia.es\/atheneblog\/?p=357947"},"modified":"2023-05-21T09:09:23","modified_gmt":"2023-05-21T09:09:23","slug":"voltaire","status":"publish","type":"post","link":"https:\/\/redfilosofia.es\/atheneblog\/2023\/05\/21\/voltaire\/","title":{"rendered":"Voltaire"},"content":{"rendered":"\n<figure class=\"wp-block-gallery has-nested-images columns-default is-cropped wp-block-gallery-1 is-layout-flex wp-block-gallery-is-layout-flex\"><\/figure>\n\n\n\n<figure class=\"wp-block-image size-full\"><a href=\"https:\/\/redfilosofia.es\/atheneblog\/wp-content\/uploads\/sites\/5\/2023\/05\/imagen-3.png\"><img loading=\"lazy\" decoding=\"async\" width=\"557\" height=\"418\" src=\"https:\/\/redfilosofia.es\/atheneblog\/wp-content\/uploads\/sites\/5\/2023\/05\/imagen-3.png\" alt=\"\" class=\"wp-image-357948\" srcset=\"https:\/\/redfilosofia.es\/atheneblog\/wp-content\/uploads\/sites\/5\/2023\/05\/imagen-3.png 557w, https:\/\/redfilosofia.es\/atheneblog\/wp-content\/uploads\/sites\/5\/2023\/05\/imagen-3-300x225.png 300w\" sizes=\"auto, (max-width: 557px) 100vw, 557px\" \/><\/a><\/figure>\n\n\n\n<h1 class=\"wp-block-heading\">\u00bfQu\u00e9 sabes realmente de Voltaire? El fil\u00f3sofo que cita todo el mundo, pero (casi) nadie ha le\u00eddo<\/h1>\n\n\n\n<h2 class=\"wp-block-heading\">Una nueva biograf\u00eda ahonda en la figura tot\u00e9mica del librepensador, defensor ac\u00e9rrimo de la libertad y la tolerancia, azote del fanatismo religioso y el primer autor en la historia en poder vivir econ\u00f3micamente de sus obras<\/h2>\n\n\n\n<p><a href=\"https:\/\/www.elconfidencial.com\/autores\/irene-hernandez-5494\/\">Irene Hdez. Velasco<\/a><\/p>\n\n\n\n<p>Gobern\u00f3 la opini\u00f3n p\u00fablica del siglo XVIII y a\u00fan hoy representa el librepensamiento y los mejores valores de la libertad individual. Combati\u00f3 durante toda su vida el fanatismo religioso, defendi\u00f3 incansable la tolerancia y la libertad de expresi\u00f3n. Se enfrent\u00f3 al poder establecido \u2014a gobiernos y a la Iglesia\u2014 y fue perseguido por ello, sufriendo penas de c\u00e1rcel y de exilio durante toda su vida. Sin \u00e9l, Europa no ser\u00eda la que es hoy.<\/p>\n\n\n\n<p>Sin embargo, Voltaire (1694-1778) sigue siendo profundamente desconocido; es mucho m\u00e1s citado que le\u00eddo. Una nueva y muy amena biograf\u00eda sobre ese personaje tot\u00e9mico firmada por <strong>Mart\u00ed Dom\u00ednguez<\/strong> y titulada <em><a href=\"https:\/\/www.amazon.es\/Voltaire-fil%C3%B3sofo-ense%C3%B1%C3%B3-camino-libertad\/dp\/8418741945\/ref=sr_1_1?__mk_es_ES=%C3%85M%C3%85%C5%BD%C3%95%C3%91&amp;crid=2Q1VZ38O4IWQV&amp;keywords=voltaire+mart%C3%AD+dominguez&amp;qid=1681489613&amp;sprefix=voltaire+mart%C3%AD+dominguez%2Caps%2C98&amp;sr=8-1&amp;tag=ec-3611299-21\" target=\"_blank\" rel=\"noreferrer noopener\">Voltaire: la vida del fil\u00f3sofo que nos ense\u00f1\u00f3 el camino de la libertad<\/a> <\/em>(Arpa) trata de enmendar el error y de dar a conocer tanto su vida como su obra. Profesor de Periodismo en la Universidad de Valencia y apasionado del Siglo de las Luces \u2014que no por casualidades tambi\u00e9n es conocido como el siglo de Voltaire\u2014, Mart\u00ed ya escribi\u00f3 una trilog\u00eda hist\u00f3rica sobre la Ilustraci\u00f3n formada por <em><a href=\"https:\/\/www.amazon.es\/Las-confidencias-del-conde-Buffon\/dp\/8483072017\/ref=sr_1_1?__mk_es_ES=%C3%85M%C3%85%C5%BD%C3%95%C3%91&amp;crid=1JYCLLY1WSILV&amp;keywords=las+confidencias+del+conde+de+buffon&amp;qid=1681492643&amp;sprefix=las+confidencias+del+conde+de+buffon%2Caps%2C80&amp;sr=8-1&amp;tag=ec-3611299-21\" target=\"_blank\" rel=\"noreferrer noopener\">Las confidencias del conde de Buffon<\/a> <\/em>, <em>El secreto de Goethe<\/em> y<em> <a href=\"https:\/\/www.amazon.es\/El-regreso-Voltaire-Mart%C3%AD-Dom%C3%ADnguez\/dp\/8423339688\/ref=sr_1_1?__mk_es_ES=%C3%85M%C3%85%C5%BD%C3%95%C3%91&amp;crid=2U0GPS64IVKDI&amp;keywords=el+regreso+de+voltaire&amp;qid=1681492735&amp;sprefix=el+regreso+de+voltaire%2Caps%2C90&amp;sr=8-1&amp;tag=ec-3611299-21\" target=\"_blank\" rel=\"noreferrer noopener\">El regreso de Voltaire<\/a> <\/em>que en 2007 recibi\u00f3 el <a href=\"https:\/\/www.elconfidencial.com\/cultura\/2021-01-06\/najat-el-hachmi-gana-premio-nadal-maria-barbal-josep-pla_2896891\/\">Premio Josep Pla<\/a>.<\/p>\n\n\n\n<p><strong>PREGUNTA. Dice que Voltaire es muy desconocido. \u00bfLo es realmente?<\/strong><\/p>\n\n\n\n<p>RESPUESTA. S\u00ed. En realidad, se conoce de \u00e9l el <em><a href=\"https:\/\/www.amazon.es\/C%C3%A1ndido-el-optimismo-Cl%C3%A1sica-Voltaire\/dp\/8467048115\/ref=sr_1_1?__mk_es_ES=%C3%85M%C3%85%C5%BD%C3%95%C3%91&amp;crid=AB4GH801E85L&amp;keywords=C%C3%81NDIDO&amp;qid=1681486320&amp;sprefix=c%C3%A1ndido%2Caps%2C85&amp;sr=8-1&amp;tag=ec-3611299-21\" target=\"_blank\" rel=\"noreferrer noopener\">C\u00e1ndido<\/a> <\/em>, las <em><a href=\"https:\/\/www.amazon.es\/Voltaire-Cartas-filos%C3%B3ficas-Voltaire\/dp\/9500399091\/ref=sr_1_1?keywords=cartas+filos%C3%B3ficas+voltaire&amp;qid=1681486369&amp;sprefix=Voltaire+cartas+%2Caps%2C88&amp;sr=8-1&amp;tag=ec-3611299-21\" target=\"_blank\" rel=\"noreferrer noopener\">Cartas Filos\u00f3ficas<\/a> <\/em>, el <em><a href=\"https:\/\/www.amazon.es\/Diccionario-filos%C3%B3fico-B%C3%A1sica-Bolsillo-Voltaire\/dp\/8446027887\/ref=sr_1_1?keywords=diccionario+filos%C3%B3fico+voltaire&amp;qid=1681486483&amp;sprefix=voltaire+dicc%2Caps%2C86&amp;sr=8-1&amp;tag=ec-3611299-21\" target=\"_blank\" rel=\"noreferrer noopener\">Diccionario filos\u00f3fico<\/a><\/em> y poco m\u00e1s. Ahora, por suerte, se est\u00e1n publicando muchas de sus obras, tanto en Espa\u00f1a como en Francia.<\/p>\n\n\n\n<p><strong>P. Es muy impresionante que durante 30 a\u00f1os, desde el inicio de la Guerra Civil y hasta 1963, no saliera en Espa\u00f1a ninguna traducci\u00f3n de Voltaire\u2026<\/strong><\/p>\n\n\n\n<p>R. As\u00ed es. Voltaire fue para el franquismo un enemigo de primer orden, como tambi\u00e9n lo fue <strong><a href=\"https:\/\/www.elconfidencial.com\/cultura\/2020-12-24\/rousseau-hobbes-pelea-de-gallos_2882948\/\">Rousseau<\/a><\/strong>. Voltaire generaba mucha animadversi\u00f3n, y de alg\u00fan modo a\u00fan sigue gener\u00e1ndola hoy en d\u00eda. Sigue siendo un autor muy atacado.<\/p>\n\n\n\n<p><strong>P. \u00bfTambi\u00e9n hoy, que vivimos en sociedades laicas?<\/strong><\/p>\n\n\n\n<p>R. S\u00ed, porque muchos desear\u00edan volver a sociedades en las que la religi\u00f3n marcase la vida de las personas. Y Voltaire estaba radicalmente en contra de eso.<\/p>\n\n\n\n<p><strong>P. Sin embargo, Voltaire no era ateo, \u00bfverdad?<\/strong><\/p>\n\n\n\n<p>R. No, no era ateo. Voltaire combati\u00f3 el fanatismo religioso, pero no era ateo. Era de\u00edsta, cre\u00eda en dios. En este sentido, cre\u00eda que deb\u00eda haber un dios creador, como tambi\u00e9n lo cre\u00eda su admirado <strong><a href=\"https:\/\/www.elconfidencial.com\/tags\/personajes\/isaac-newton-17510\/\">Newton<\/a><\/strong>. No era un materialista biol\u00f3gico, como <strong><a href=\"https:\/\/www.elconfidencial.com\/cultura\/2020-02-08\/denis-diderot-ilustracion-andrew-s-curran_2424728\/\">Diderot<\/a><\/strong> o el <strong>bar\u00f3n de Holbach<\/strong>. Cre\u00eda en dios, pero no en los milagros ni en el fanatismo, ni en la Iglesia cat\u00f3lica. Lo que combat\u00eda eran los excesos del cristianismo, luchaba contra sus torturas, contra los autos de fe que comet\u00eda contra los ciudadanos. Voltaire dec\u00eda que \u201ctoda religi\u00f3n que no pertenece m\u00e1s que a un pueblo es falsa\u201d. Y tambi\u00e9n que \u201cun hombre que recibe la religi\u00f3n sin preparaci\u00f3n no difiere de un buey al que se le coloca el yugo\u201d.<\/p>\n\n\n\n<p><strong>P. \u00bfQu\u00e9 le debemos a Voltaire?<\/strong><\/p>\n\n\n\n<p>R. Muchas de las grandes conquistas de los derechos humanos tienen su origen en el <em><a href=\"https:\/\/www.amazon.es\/Tratado-sobre-tolerancia-Cl%C3%A1sica-Voltaire\/dp\/8467018410\/ref=sr_1_1?__mk_es_ES=%C3%85M%C3%85%C5%BD%C3%95%C3%91&amp;crid=18SRF4P5KSPIM&amp;keywords=tratado+tolerancia+voltaire&amp;qid=1681486857&amp;sprefix=tratado+tolerancia+voltaire%2Caps%2C80&amp;sr=8-1&amp;tag=ec-3611299-21\" target=\"_blank\" rel=\"noreferrer noopener\">Tratado sobre la tolerancia<\/a><\/em> de Voltaire y en las ideas de Rousseau. Sin ellos, podr\u00edamos seguir viviendo en estados feudales. De igual modo, gran parte de las conquistas de las mujeres se deben al gran esfuerzo y sacrificio de<strong> Olympe de Gouges<\/strong>, una volteriana convencida. La llegada del <a href=\"https:\/\/www.elconfidencial.com\/tags\/personajes\/hitler-8289\/\">nazismo <\/a>y del <a href=\"https:\/\/www.elconfidencial.com\/tags\/otros\/fascismo-8260\/\">fascismo<\/a> puso durante el siglo XX a las democracias contra las cuerdas, y muy f\u00e1cilmente podr\u00eda volver a ocurrir. Por eso precisamente hay que leer a Voltaire, para recordarnos la fragilidad del sistema democr\u00e1tico y el gran esfuerzo que signific\u00f3 su conquista. Voltaire, adem\u00e1s, es optimista, cree en el ser humano. Cree en la responsabilidad individual y en la necesidad de actuar como ciudadano. Cuando se le lee, despierta la curiosidad intelectual, el deseo de pensar por uno mismo. Voltaire fue el primer creador de opini\u00f3n p\u00fablica. Voltaire cre\u00f3 junto a Rousseau al ciudadano comprometido, un concepto que fundamentalmente le debemos a \u00e9l. Y ense\u00f1\u00f3 a la humanidad a pensar.<\/p>\n\n\n\n<p><strong>P. Es posible que Voltaire sea bastante desconocido, sin embargo, es profusamente citado\u2026<\/strong><\/p>\n\n\n\n<p>R. S\u00ed. Voltaire era muy ingenioso, certero y divertido, como lo era a su manera <strong><a href=\"https:\/\/www.elconfidencial.com\/tags\/personajes\/oscar-wilde-13245\/\">Oscar Wilde<\/a><\/strong>, una mente muy brillante. Hay muchas sentencias y aforismos suyos absolutamente magn\u00edficos. La suya fue la \u00e9poca de las m\u00e1ximas, pero Voltaire destac\u00f3 especialmente. Se le cita constantemente porque tiene frases muy ingeniosas, de una gran ocurrencia, y ejerce una gran atracci\u00f3n personal. Citarlo da relumbr\u00f3n y calidad. Era muy brillante para crear met\u00e1foras y contraponer ideas. Por ejemplo, escrib\u00eda que \u201cLa superstici\u00f3n es a la religi\u00f3n lo que la astrolog\u00eda es a la astronom\u00eda, la hija muy tonta de una madre muy sabia. Estas dos ni\u00f1atas han subyugado durante mucho tiempo a toda la tierra\u201d. Aunque, como digo, es mucho m\u00e1s citado que le\u00eddo.<\/p>\n\n\n\n<p><strong>P. Fue el primer autor en vivir de la escritura, lo que le permiti\u00f3 ser completamente libre, \u00bfno?<\/strong><\/p>\n\n\n\n<p>R. S\u00ed, fue el primero en alcanzar esa meta so\u00f1ada. Ten\u00eda buenos editores en Ginebra y lleg\u00f3 a vivir de escribir. Adem\u00e1s, fue alguien que siempre tuvo habilidades para los negocios y eso lo mantuvo independiente, sin tener que escribir a sueldo de nadie.<\/p>\n\n\n\n<p><strong>P. Sin embargo, durante toda su vida sufri\u00f3 una constante persecuci\u00f3n\u2026<\/strong><\/p>\n\n\n\n<p>R. As\u00ed es. Voltaire fue el gran perseguido. El librepensador m\u00e1s perseguido, temido y odiado por el sistema, por el <em>Ancien R\u00e9gime<\/em>. <strong><a href=\"https:\/\/www.elconfidencial.com\/cultura\/2015-11-05\/luis-xiv-versalles-francia-arte-exposicion_1083681\/\">Luis XV<\/a><\/strong> lo expuls\u00f3 de Par\u00eds, <strong>Federico II<\/strong> lo expuls\u00f3 hasta la frontera de Prusia, los calvinistas de Ginebra lo mantuvieron a raya fuera de la ciudad\u2026 Sin Voltaire, no se entiende gran parte de todo lo que vino despu\u00e9s, empezando por la Revoluci\u00f3n francesa.<\/p>\n\n\n\n<p><strong>P. Pero Voltaire era mon\u00e1rquico, \u00bfno?<\/strong><\/p>\n\n\n\n<p>R. S\u00ed. Cre\u00eda en la monarqu\u00eda, en lo que hoy llamar\u00edamos una monarqu\u00eda parlamentaria, en una monarqu\u00eda en la que los propios fil\u00f3sofos pudieran ejercer sus ideas e influir en el buen gobierno<\/p>\n\n\n\n<p>Ning\u00fan otro ilustrado fue tan influyente como \u00e9l, Voltaire fue una aut\u00e9ntica m\u00e1quina de lucha intelectual<\/p>\n\n\n\n<p><strong>P. \u00bfVoltaire encarna mejor que ning\u00fan otro el siglo XVIII? Supongo que no es casualidad que el Siglo de las Luces sea conocido tambi\u00e9n como el siglo de Voltaire\u2026<\/strong><\/p>\n\n\n\n<p>R. Ning\u00fan otro ilustrado fue tan influyente como \u00e9l, Voltaire fue una aut\u00e9ntica m\u00e1quina de lucha intelectual. Diderot, por ejemplo, era m\u00e1s moderno en sus ideas, Voltaire era en ese sentido era algo m\u00e1s antiguo. Pero Voltaire disfrut\u00f3 de una fama gigantesca, que actu\u00f3 como potente altavoz de sus ideas. Fue uno de los primeros fen\u00f3menos medi\u00e1ticos, antes que \u00e9l nadie hab\u00eda alcanzado con sus escritos un eco tan prodigioso, tan influyente. Era siempre extremadamente divertido, y se convirti\u00f3 en una especie de <em>vedette<\/em>. La gente iba a verle all\u00ed donde estuviera, desde jovencito, Voltaire fue la principal atracci\u00f3n tur\u00edstica de Europa. Era muy ocurrente y ten\u00eda una enorme capacidad para poner motes y para dar el contrapunto. Eso, claro, le granje\u00f3 muchas simpat\u00edas, pero tambi\u00e9n importantes enemigos.<\/p>\n\n\n\n<p><strong>P. \u00bfC\u00f3mo logr\u00f3 ser tan enormemente popular?<\/strong><\/p>\n\n\n\n<p>R. Si sus libros se le\u00edan y se vend\u00edan tanto era porque eran divertidos y muchas veces pecaminosos. Voltaire fue el artista m\u00e1s pirateado de la historia de la literatura. <em><a href=\"https:\/\/www.amazon.es\/doncella-orleans-Voltaire\/dp\/8479743727\/ref=sr_1_1?__mk_es_ES=%C3%85M%C3%85%C5%BD%C3%95%C3%91&amp;crid=2CXJLB4KH920H&amp;keywords=doncella+de+orleans+voltaire&amp;qid=1681487416&amp;sprefix=doncella+de+orleans+voltaire%2Caps%2C93&amp;sr=8-1&amp;tag=ec-3611299-21\" target=\"_blank\" rel=\"noreferrer noopener\">La doncella de Orleans<\/a> <\/em>, su libro sobre <strong><a href=\"https:\/\/www.elconfidencial.com\/cultura\/2021-07-27\/juana-de-arco-conversos-historia_3186895\/\">Juana de Arco<\/a><\/strong>, sali\u00f3 pirateado antes de que el propio Voltaire lo publicara, y en esa edici\u00f3n pirata se incluyeron escenas casi pornogr\u00e1ficas que no estaban en el original. Y en aquel entonces uno pod\u00eda ser condenado a la hoguera por ese delito, lo que explica que Voltaire tardara bastante tiempo en admitir que esa obra era suya.<\/p>\n\n\n\n<p>La Europa actual es en gran medida el resultado de Voltaire y de los ilustrados franceses. Hoy Voltaire defender\u00eda una Europa laica y aconfesional<\/p>\n\n\n\n<p><strong>P. Voltaire hoy, \u00bfqu\u00e9 causa apoyar\u00eda?<\/strong><\/p>\n\n\n\n<p>R. Voltaire fue un gran europe\u00edsta y creo que hoy apoyar\u00eda la Europa ilustrada. Ten\u00eda, eso s\u00ed, muy mala opini\u00f3n de Espa\u00f1a, la consideraba la cuna de la Inquisici\u00f3n, la tierra de Torquemada, del fanatismo religioso\u2026 Pero era europe\u00edsta y defend\u00eda la separaci\u00f3n de poderes. La Europa actual es en gran medida el resultado de Voltaire y de los ilustrados franceses. Hoy Voltaire defender\u00eda una Europa laica y aconfesional.<\/p>\n\n\n\n<p><strong>P. \u00bfY qu\u00e9 combatir\u00eda hoy Voltaire?<\/strong><\/p>\n\n\n\n<p>R. Posiblemente, perseguir\u00eda el materialismo econ\u00f3mico, el neoliberalismo, el capitalismo feroz que rige hoy en d\u00eda. Voltaire cre\u00eda en un estado de bienestar que protegiera a los ciudadanos, y el capitalismo salvaje est\u00e1 reduciendo muchas de las grandes conquistas sociales. En las <em>Cartas filos\u00f3ficas<\/em> escrib\u00eda: \u201cHan sido necesarios siglos para hacer justicia a la humanidad, para entender que era horrible que muchos sembraran y muy pocos cosecharan\u201d. Pero, cada vez m\u00e1s, el mundo recuerda m\u00e1s al que combati\u00f3 Voltaire.<\/p>\n\n\n\n<p>Fuente: https:\/\/www.elconfidencial.com\/cultura\/2023-04-18\/voltaire_3611299\/<\/p>\n","protected":false},"excerpt":{"rendered":"<p>\u00bfQu\u00e9 sabes realmente de Voltaire? El fil\u00f3sofo que cita todo el mundo, pero (casi) nadie ha le\u00eddo Una nueva biograf\u00eda ahonda en la figura tot\u00e9mica del librepensador, defensor ac\u00e9rrimo de la libertad y la tolerancia, azote del fanatismo religioso y el primer autor en la historia en poder vivir econ\u00f3micamente de sus obras Irene Hdez. [&hellip;]<\/p>\n","protected":false},"author":10,"featured_media":0,"comment_status":"open","ping_status":"open","sticky":false,"template":"","format":"gallery","meta":{"_bbp_topic_count":0,"_bbp_reply_count":0,"_bbp_total_topic_count":0,"_bbp_total_reply_count":0,"_bbp_voice_count":0,"_bbp_anonymous_reply_count":0,"_bbp_topic_count_hidden":0,"_bbp_reply_count_hidden":0,"_bbp_forum_subforum_count":0,"jetpack_post_was_ever_published":false,"footnotes":""},"categories":[1],"tags":[],"class_list":["post-357947","post","type-post","status-publish","format-gallery","hentry","category-members","post_format-post-format-gallery"],"jetpack_featured_media_url":"","jetpack_sharing_enabled":true,"jetpack_shortlink":"https:\/\/wp.me\/s5OYFZ-voltaire","_links":{"self":[{"href":"https:\/\/redfilosofia.es\/atheneblog\/wp-json\/wp\/v2\/posts\/357947","targetHints":{"allow":["GET"]}}],"collection":[{"href":"https:\/\/redfilosofia.es\/atheneblog\/wp-json\/wp\/v2\/posts"}],"about":[{"href":"https:\/\/redfilosofia.es\/atheneblog\/wp-json\/wp\/v2\/types\/post"}],"author":[{"embeddable":true,"href":"https:\/\/redfilosofia.es\/atheneblog\/wp-json\/wp\/v2\/users\/10"}],"replies":[{"embeddable":true,"href":"https:\/\/redfilosofia.es\/atheneblog\/wp-json\/wp\/v2\/comments?post=357947"}],"version-history":[{"count":2,"href":"https:\/\/redfilosofia.es\/atheneblog\/wp-json\/wp\/v2\/posts\/357947\/revisions"}],"predecessor-version":[{"id":357950,"href":"https:\/\/redfilosofia.es\/atheneblog\/wp-json\/wp\/v2\/posts\/357947\/revisions\/357950"}],"wp:attachment":[{"href":"https:\/\/redfilosofia.es\/atheneblog\/wp-json\/wp\/v2\/media?parent=357947"}],"wp:term":[{"taxonomy":"category","embeddable":true,"href":"https:\/\/redfilosofia.es\/atheneblog\/wp-json\/wp\/v2\/categories?post=357947"},{"taxonomy":"post_tag","embeddable":true,"href":"https:\/\/redfilosofia.es\/atheneblog\/wp-json\/wp\/v2\/tags?post=357947"}],"curies":[{"name":"wp","href":"https:\/\/api.w.org\/{rel}","templated":true}]}}