{"id":358044,"date":"2023-10-29T07:36:49","date_gmt":"2023-10-29T07:36:49","guid":{"rendered":"https:\/\/redfilosofia.es\/atheneblog\/?p=358044"},"modified":"2023-10-29T07:36:49","modified_gmt":"2023-10-29T07:36:49","slug":"educacion-civica-y-pensamiento-critico-como-educar-en-valores-sin-adoctrinar-al-alumnado","status":"publish","type":"post","link":"https:\/\/redfilosofia.es\/atheneblog\/2023\/10\/29\/educacion-civica-y-pensamiento-critico-como-educar-en-valores-sin-adoctrinar-al-alumnado\/","title":{"rendered":"Educaci\u00f3n c\u00edvica y pensamiento cr\u00edtico: c\u00f3mo educar en valores sin adoctrinar al alumnado"},"content":{"rendered":"\n<figure class=\"wp-block-gallery has-nested-images columns-default is-cropped wp-block-gallery-1 is-layout-flex wp-block-gallery-is-layout-flex\">\n<figure class=\"wp-block-image size-large\"><a href=\"https:\/\/redfilosofia.es\/atheneblog\/wp-content\/uploads\/sites\/5\/2023\/10\/Captura-1.png\"><img loading=\"lazy\" decoding=\"async\" width=\"570\" height=\"524\" data-id=\"358046\" src=\"https:\/\/redfilosofia.es\/atheneblog\/wp-content\/uploads\/sites\/5\/2023\/10\/Captura-1.png\" alt=\"\" class=\"wp-image-358046\" srcset=\"https:\/\/redfilosofia.es\/atheneblog\/wp-content\/uploads\/sites\/5\/2023\/10\/Captura-1.png 570w, https:\/\/redfilosofia.es\/atheneblog\/wp-content\/uploads\/sites\/5\/2023\/10\/Captura-1-300x276.png 300w\" sizes=\"auto, (max-width: 570px) 100vw, 570px\" \/><\/a><\/figure>\n<\/figure>\n\n\n\n<p>Hace unas semanas, con motivo de la presidencia espa\u00f1ola de la UE, se reunieron en Madrid un buen n\u00famero de autoridades educativas para esclarecer el rol de la educaci\u00f3n en la promoci\u00f3n de los valores europeos y la ciudadan\u00eda democr\u00e1tica. La jornada, que fue inaugurada con una magn\u00edfica ponencia de&nbsp;<a href=\"https:\/\/elpais.com\/autor\/adela-cortina\/\" target=\"_blank\" rel=\"noreferrer noopener\">la fil\u00f3sofa Adela Cortina<\/a>, se cerr\u00f3 con un mensaje claro y esperanzador, pero tambi\u00e9n con la constataci\u00f3n de una serie de problemas a resolver.<\/p>\n\n\n\n<p>El mensaje es que el proyecto europeo no podr\u00e1 desarrollarse&nbsp;<a href=\"https:\/\/elpais.com\/internacional\/2023-10-01\/la-gran-ampliacion-de-la-ue-tensa-las-costuras-del-este.html\" target=\"_blank\" rel=\"noreferrer noopener\">ni ampliarse<\/a>&nbsp;sin una pol\u00edtica clara de refuerzo de aquellos valores y actitudes que comparten sus cuatrocientos cincuenta millones de ciudadanos y veintisiete naciones (de momento). Dichos valores, expuestos en los tratados m\u00e1s importantes y en la Declaraci\u00f3n de los Derechos Humanos, representan una visi\u00f3n com\u00fan de lo que es justo y promueven actitudes (la tolerancia, el di\u00e1logo democr\u00e1tico\u2026) que permiten la convivencia entre naciones, culturas y personas con concepciones relativamente distintas de lo que es bueno, deseable o sagrado. Sin esos valores y actitudes las leyes y procedimientos carecer\u00edan de legitimidad y eficacia, y el proyecto pol\u00edtico europeo resultar\u00eda sustancialmente inviable.<\/p>\n\n\n\n<p>Ahora bien, \u00bfC\u00f3mo lograr que los ciudadanos europeos entiendan y compartan la vinculaci\u00f3n identitaria que supone el compromiso con estos valores y actitudes en un contexto, adem\u00e1s, en que todo (p<a rel=\"noreferrer noopener\" href=\"https:\/\/elpais.com\/ideas\/2023-01-29\/no-olvidar-a-hungria-y-polonia.html\" target=\"_blank\">opulismo xen\u00f3fobo, nacionalismo divisor<\/a>, radicalizaci\u00f3n pol\u00edtica, fundamentalismo religioso, guerras\u2026) parece pon\u00e9rseles en contra? Est\u00e1 claro que esta tarea incumbe a la educaci\u00f3n, pero con declararlo no basta.<\/p>\n\n\n\n<p><em>Este art\u00edculo fue originalmente publicado por el autor en el diario <a href=\"https:\/\/elpais.com\/educacion\/2023-10-25\/educacion-civica-y-pensamiento-critico-como-educar-en-valores-sin-adoctrinar-al-alumnado.html\">El Pa\u00eds.<\/a><\/em> <em>Puedes acceder al art\u00edculo completo en la web del autor <a href=\"https:\/\/filosofiacavernicolas.blogspot.com\/2023\/10\/educacion-civica-y-pensamiento-critico.html\">AQU\u00cd.<\/a><\/em><\/p>\n","protected":false},"excerpt":{"rendered":"<p>Hace unas semanas, con motivo de la presidencia espa\u00f1ola de la UE, se reunieron en Madrid un buen n\u00famero de autoridades educativas para esclarecer el rol de la educaci\u00f3n en la promoci\u00f3n de los valores europeos y la ciudadan\u00eda democr\u00e1tica. La jornada, que fue inaugurada con una magn\u00edfica ponencia de&nbsp;la fil\u00f3sofa Adela Cortina, se cerr\u00f3 [&hellip;]<\/p>\n","protected":false},"author":1,"featured_media":0,"comment_status":"open","ping_status":"open","sticky":false,"template":"","format":"gallery","meta":{"_bbp_topic_count":0,"_bbp_reply_count":0,"_bbp_total_topic_count":0,"_bbp_total_reply_count":0,"_bbp_voice_count":0,"_bbp_anonymous_reply_count":0,"_bbp_topic_count_hidden":0,"_bbp_reply_count_hidden":0,"_bbp_forum_subforum_count":0,"jetpack_post_was_ever_published":false,"footnotes":""},"categories":[5,13,4],"tags":[],"class_list":["post-358044","post","type-post","status-publish","format-gallery","hentry","category-articulos","category-foro-de-ideas","category-opinion","post_format-post-format-gallery"],"jetpack_featured_media_url":"","jetpack_sharing_enabled":true,"jetpack_shortlink":"https:\/\/wp.me\/p5OYFZ-1v8U","_links":{"self":[{"href":"https:\/\/redfilosofia.es\/atheneblog\/wp-json\/wp\/v2\/posts\/358044","targetHints":{"allow":["GET"]}}],"collection":[{"href":"https:\/\/redfilosofia.es\/atheneblog\/wp-json\/wp\/v2\/posts"}],"about":[{"href":"https:\/\/redfilosofia.es\/atheneblog\/wp-json\/wp\/v2\/types\/post"}],"author":[{"embeddable":true,"href":"https:\/\/redfilosofia.es\/atheneblog\/wp-json\/wp\/v2\/users\/1"}],"replies":[{"embeddable":true,"href":"https:\/\/redfilosofia.es\/atheneblog\/wp-json\/wp\/v2\/comments?post=358044"}],"version-history":[{"count":2,"href":"https:\/\/redfilosofia.es\/atheneblog\/wp-json\/wp\/v2\/posts\/358044\/revisions"}],"predecessor-version":[{"id":358048,"href":"https:\/\/redfilosofia.es\/atheneblog\/wp-json\/wp\/v2\/posts\/358044\/revisions\/358048"}],"wp:attachment":[{"href":"https:\/\/redfilosofia.es\/atheneblog\/wp-json\/wp\/v2\/media?parent=358044"}],"wp:term":[{"taxonomy":"category","embeddable":true,"href":"https:\/\/redfilosofia.es\/atheneblog\/wp-json\/wp\/v2\/categories?post=358044"},{"taxonomy":"post_tag","embeddable":true,"href":"https:\/\/redfilosofia.es\/atheneblog\/wp-json\/wp\/v2\/tags?post=358044"}],"curies":[{"name":"wp","href":"https:\/\/api.w.org\/{rel}","templated":true}]}}