{"id":358319,"date":"2024-11-24T10:01:14","date_gmt":"2024-11-24T10:01:14","guid":{"rendered":"https:\/\/redfilosofia.es\/atheneblog\/?p=358319"},"modified":"2024-11-24T10:04:36","modified_gmt":"2024-11-24T10:04:36","slug":"publicacion-ser-responsable-i-libertad-sin-responsabilidad","status":"publish","type":"post","link":"https:\/\/redfilosofia.es\/atheneblog\/2024\/11\/24\/publicacion-ser-responsable-i-libertad-sin-responsabilidad\/","title":{"rendered":"Publicaci\u00f3n: \u00abSer Responsable I. Libertad sin Responsabilidad\u00bb"},"content":{"rendered":"\n<figure class=\"wp-block-gallery has-nested-images columns-default is-cropped wp-block-gallery-1 is-layout-flex wp-block-gallery-is-layout-flex\">\n<figure class=\"wp-block-image size-large\"><a href=\"https:\/\/redfilosofia.es\/atheneblog\/wp-content\/uploads\/sites\/5\/2024\/11\/ser-responsable-i-libertad-sin-responsabilidad.jpg\"><img loading=\"lazy\" decoding=\"async\" width=\"450\" height=\"700\" data-id=\"358320\" src=\"https:\/\/redfilosofia.es\/atheneblog\/wp-content\/uploads\/sites\/5\/2024\/11\/ser-responsable-i-libertad-sin-responsabilidad.jpg\" alt=\"\" class=\"wp-image-358320\" srcset=\"https:\/\/redfilosofia.es\/atheneblog\/wp-content\/uploads\/sites\/5\/2024\/11\/ser-responsable-i-libertad-sin-responsabilidad.jpg 450w, https:\/\/redfilosofia.es\/atheneblog\/wp-content\/uploads\/sites\/5\/2024\/11\/ser-responsable-i-libertad-sin-responsabilidad-193x300.jpg 193w\" sizes=\"auto, (max-width: 450px) 100vw, 450px\" \/><\/a><\/figure>\n<\/figure>\n\n\n\n<p>En esta obra se tratar\u00e1 un aspecto espec\u00edfico de la Libertad como uno de sus componentes esenciales, y \u00e9ste no es otro que la Responsabilidad. Se pretende, as\u00ed, elaborar la necesaria arquitectura conceptual y terminol\u00f3gica que permita abordar con rigor todo el campo de influencia de la Responsabilidad en el conjunto de sus acepciones y aplicaciones. Partiendo de la consideraci\u00f3n sobre el inherente sentido orientado responsablemente que mantiene el actuar humano, lo que ser\u00e1 necesario razonar, se convocar\u00e1n numerosos saberes y conocimientos organizados para as\u00ed poder estimar debidamente la visi\u00f3n poli\u00e9drica que exige la Responsabilidad, t\u00e9rmino ahora muy manido, aunque, eso s\u00ed, poco argumentado.<\/p>\n\n\n\n<p>\u00c9sta es la primera parte de una obra m\u00e1s amplia, dividida en dos vol\u00famenes, que se completa, en un segundo tomo, con una visi\u00f3n hist\u00f3rica de lo que supone la Responsabilidad para ejercer y preservar la Libertad. En la primera \u2014en \u00e9sta\u2014, se argumenta sobre la Responsabilidad; en la segunda, se ejemplifica sobre la Responsabilidad. La inicial es filos\u00f3fica; la consiguiente, hist\u00f3rica. Por la anterior, se transitar\u00e1, entre otros saberes, a trav\u00e9s de la l\u00f3gica, la epistemolog\u00eda, la antropolog\u00eda, el derecho, la \u00e9tica, la moral o, incluso, la pol\u00edtica; por la posterior se har\u00e1 en el campo de la historia contempor\u00e1nea, en concreto correspondiendo el an\u00e1lisis al periodo de nacimiento, auge, apogeo y destrucci\u00f3n provocadas por el nazismo, con todas sus macabras y delictivas consecuencias, como ejemplo de lo que supone la conculcaci\u00f3n de la Libertad por ausencia de Responsabilidad.<\/p>\n\n\n\n<p>El libro puede adquirirse <a href=\"https:\/\/www.ultimalinea.es\/etica-y-moral\/199-ser-responsable-i-libertad-sin-responsabilidad-9788418492860.html\">AQU\u00cd<\/a><\/p>\n\n\n\n<p>Hay acceso al primer cap\u00edtulo del libro <a href=\"https:\/\/liniciativ.es\/2024\/11\/ser-responsable-i-libertad-sin-responsabilidad\/\">AQU\u00cd<\/a><\/p>\n","protected":false},"excerpt":{"rendered":"<p>En esta obra se tratar\u00e1 un aspecto espec\u00edfico de la Libertad como uno de sus componentes esenciales, y \u00e9ste no es otro que la Responsabilidad. Se pretende, as\u00ed, elaborar la necesaria arquitectura conceptual y terminol\u00f3gica que permita abordar con rigor todo el campo de influencia de la Responsabilidad en el conjunto de sus acepciones y [&hellip;]<\/p>\n","protected":false},"author":1,"featured_media":0,"comment_status":"open","ping_status":"open","sticky":false,"template":"","format":"gallery","meta":{"_bbp_topic_count":0,"_bbp_reply_count":0,"_bbp_total_topic_count":0,"_bbp_total_reply_count":0,"_bbp_voice_count":0,"_bbp_anonymous_reply_count":0,"_bbp_topic_count_hidden":0,"_bbp_reply_count_hidden":0,"_bbp_forum_subforum_count":0,"jetpack_post_was_ever_published":false,"footnotes":""},"categories":[3,6],"tags":[],"class_list":["post-358319","post","type-post","status-publish","format-gallery","hentry","category-noticias","category-recensiones-criticas-y-analisis-de-publicaciones","post_format-post-format-gallery"],"jetpack_featured_media_url":"","jetpack_sharing_enabled":true,"jetpack_shortlink":"https:\/\/wp.me\/p5OYFZ-1vdl","_links":{"self":[{"href":"https:\/\/redfilosofia.es\/atheneblog\/wp-json\/wp\/v2\/posts\/358319","targetHints":{"allow":["GET"]}}],"collection":[{"href":"https:\/\/redfilosofia.es\/atheneblog\/wp-json\/wp\/v2\/posts"}],"about":[{"href":"https:\/\/redfilosofia.es\/atheneblog\/wp-json\/wp\/v2\/types\/post"}],"author":[{"embeddable":true,"href":"https:\/\/redfilosofia.es\/atheneblog\/wp-json\/wp\/v2\/users\/1"}],"replies":[{"embeddable":true,"href":"https:\/\/redfilosofia.es\/atheneblog\/wp-json\/wp\/v2\/comments?post=358319"}],"version-history":[{"count":2,"href":"https:\/\/redfilosofia.es\/atheneblog\/wp-json\/wp\/v2\/posts\/358319\/revisions"}],"predecessor-version":[{"id":358322,"href":"https:\/\/redfilosofia.es\/atheneblog\/wp-json\/wp\/v2\/posts\/358319\/revisions\/358322"}],"wp:attachment":[{"href":"https:\/\/redfilosofia.es\/atheneblog\/wp-json\/wp\/v2\/media?parent=358319"}],"wp:term":[{"taxonomy":"category","embeddable":true,"href":"https:\/\/redfilosofia.es\/atheneblog\/wp-json\/wp\/v2\/categories?post=358319"},{"taxonomy":"post_tag","embeddable":true,"href":"https:\/\/redfilosofia.es\/atheneblog\/wp-json\/wp\/v2\/tags?post=358319"}],"curies":[{"name":"wp","href":"https:\/\/api.w.org\/{rel}","templated":true}]}}