{"id":358365,"date":"2025-02-09T09:35:59","date_gmt":"2025-02-09T09:35:59","guid":{"rendered":"https:\/\/redfilosofia.es\/atheneblog\/?p=358365"},"modified":"2025-02-09T09:35:59","modified_gmt":"2025-02-09T09:35:59","slug":"la-inteligencia-artificial-generativa-chatgpt-y-la-desaparicion-de-los-juristas","status":"publish","type":"post","link":"https:\/\/redfilosofia.es\/atheneblog\/2025\/02\/09\/la-inteligencia-artificial-generativa-chatgpt-y-la-desaparicion-de-los-juristas\/","title":{"rendered":"La Inteligencia Artificial generativa (ChatGPT) y la desaparici\u00f3n de los juristas"},"content":{"rendered":"\n<figure class=\"wp-block-gallery has-nested-images columns-default is-cropped wp-block-gallery-1 is-layout-flex wp-block-gallery-is-layout-flex\">\n<figure class=\"wp-block-image size-large\"><a href=\"https:\/\/redfilosofia.es\/atheneblog\/wp-content\/uploads\/sites\/5\/2025\/02\/1-1.jpg\"><img loading=\"lazy\" decoding=\"async\" width=\"700\" height=\"385\" data-id=\"358366\" src=\"https:\/\/redfilosofia.es\/atheneblog\/wp-content\/uploads\/sites\/5\/2025\/02\/1-1.jpg\" alt=\"\" class=\"wp-image-358366\" srcset=\"https:\/\/redfilosofia.es\/atheneblog\/wp-content\/uploads\/sites\/5\/2025\/02\/1-1.jpg 700w, https:\/\/redfilosofia.es\/atheneblog\/wp-content\/uploads\/sites\/5\/2025\/02\/1-1-300x165.jpg 300w, https:\/\/redfilosofia.es\/atheneblog\/wp-content\/uploads\/sites\/5\/2025\/02\/1-1-624x343.jpg 624w\" sizes=\"auto, (max-width: 700px) 100vw, 700px\" \/><\/a><\/figure>\n<\/figure>\n\n\n\n<p>Luis Bueno Ochoa<\/p>\n\n\n\n<p>Los 28 Encuentros de Filosof\u00eda de la Fundaci\u00f3n Gustavo Bueno celebrados en Salamanca entre los d\u00edas 29 de septiembre y 1\u00ba de octubre de 2023 llevaron por t\u00edtulo Filosof\u00eda, inteligencia artificial y nuevas tecnolog\u00edas. Entre las tres l\u00edneas de discusi\u00f3n establecidas dedicadas a las cuestiones gnoseol\u00f3gicas, cuestiones ontol\u00f3gicas y cuestiones \u00e9ticas, morales y pol\u00edticas, fue la \u00faltima de ellas la que propici\u00f3 abordar el impacto de la Inteligencia Artificial generativa (circunscrita a la irrupci\u00f3n de ChatGPT en noviembre de 2022) en el mundo del Derecho. La desaparici\u00f3n de los juristas, haciendo especial referencia a abogados y jueces, es el t\u00f3pico que desde hace un a\u00f1o constituye una de las preocupaciones que se cierne sobre el orbe jur\u00eddico. La interacci\u00f3n con la propia herramienta no hace sino aumentar la querencia por las conjeturas que se cobijan, a modo de conclusiones, bajo el calificativo de provisional\u00edsimas o precautelare.<\/p>\n\n\n\n<p>Lee el archivo completo:<\/p>\n\n\n\n<div data-wp-interactive=\"core\/file\" class=\"wp-block-file\"><object data-wp-bind--hidden=\"!state.hasPdfPreview\" hidden class=\"wp-block-file__embed\" data=\"https:\/\/redfilosofia.es\/atheneblog\/wp-content\/uploads\/sites\/5\/2025\/02\/111.pdf\" type=\"application\/pdf\" style=\"width:100%;height:600px\" aria-label=\"Incrustado de 111.\"><\/object><a id=\"wp-block-file--media-a3926305-6211-42ac-9680-586b5275d0b8\" href=\"https:\/\/redfilosofia.es\/atheneblog\/wp-content\/uploads\/sites\/5\/2025\/02\/111.pdf\">111<\/a><a href=\"https:\/\/redfilosofia.es\/atheneblog\/wp-content\/uploads\/sites\/5\/2025\/02\/111.pdf\" class=\"wp-block-file__button wp-element-button\" download aria-describedby=\"wp-block-file--media-a3926305-6211-42ac-9680-586b5275d0b8\">Descarga<\/a><\/div>\n\n\n\n<p><\/p>\n\n\n\n<p>Fuente: <a href=\"https:\/\/fgbueno.es\/bas\/bas59h.htm\">https:\/\/fgbueno.es\/bas\/bas59h.htm<\/a><\/p>\n\n\n\n<p><\/p>\n","protected":false},"excerpt":{"rendered":"<p>Luis Bueno Ochoa Los 28 Encuentros de Filosof\u00eda de la Fundaci\u00f3n Gustavo Bueno celebrados en Salamanca entre los d\u00edas 29 de septiembre y 1\u00ba de octubre de 2023 llevaron por t\u00edtulo Filosof\u00eda, inteligencia artificial y nuevas tecnolog\u00edas. Entre las tres l\u00edneas de discusi\u00f3n establecidas dedicadas a las cuestiones gnoseol\u00f3gicas, cuestiones ontol\u00f3gicas y cuestiones \u00e9ticas, morales [&hellip;]<\/p>\n","protected":false},"author":10,"featured_media":0,"comment_status":"open","ping_status":"open","sticky":false,"template":"","format":"gallery","meta":{"_bbp_topic_count":0,"_bbp_reply_count":0,"_bbp_total_topic_count":0,"_bbp_total_reply_count":0,"_bbp_voice_count":0,"_bbp_anonymous_reply_count":0,"_bbp_topic_count_hidden":0,"_bbp_reply_count_hidden":0,"_bbp_forum_subforum_count":0,"jetpack_post_was_ever_published":false,"footnotes":""},"categories":[1],"tags":[],"class_list":["post-358365","post","type-post","status-publish","format-gallery","hentry","category-members","post_format-post-format-gallery"],"jetpack_featured_media_url":"","jetpack_sharing_enabled":true,"jetpack_shortlink":"https:\/\/wp.me\/p5OYFZ-1ve5","_links":{"self":[{"href":"https:\/\/redfilosofia.es\/atheneblog\/wp-json\/wp\/v2\/posts\/358365","targetHints":{"allow":["GET"]}}],"collection":[{"href":"https:\/\/redfilosofia.es\/atheneblog\/wp-json\/wp\/v2\/posts"}],"about":[{"href":"https:\/\/redfilosofia.es\/atheneblog\/wp-json\/wp\/v2\/types\/post"}],"author":[{"embeddable":true,"href":"https:\/\/redfilosofia.es\/atheneblog\/wp-json\/wp\/v2\/users\/10"}],"replies":[{"embeddable":true,"href":"https:\/\/redfilosofia.es\/atheneblog\/wp-json\/wp\/v2\/comments?post=358365"}],"version-history":[{"count":1,"href":"https:\/\/redfilosofia.es\/atheneblog\/wp-json\/wp\/v2\/posts\/358365\/revisions"}],"predecessor-version":[{"id":358368,"href":"https:\/\/redfilosofia.es\/atheneblog\/wp-json\/wp\/v2\/posts\/358365\/revisions\/358368"}],"wp:attachment":[{"href":"https:\/\/redfilosofia.es\/atheneblog\/wp-json\/wp\/v2\/media?parent=358365"}],"wp:term":[{"taxonomy":"category","embeddable":true,"href":"https:\/\/redfilosofia.es\/atheneblog\/wp-json\/wp\/v2\/categories?post=358365"},{"taxonomy":"post_tag","embeddable":true,"href":"https:\/\/redfilosofia.es\/atheneblog\/wp-json\/wp\/v2\/tags?post=358365"}],"curies":[{"name":"wp","href":"https:\/\/api.w.org\/{rel}","templated":true}]}}