{"id":580,"date":"2015-09-17T10:16:48","date_gmt":"2015-09-17T10:16:48","guid":{"rendered":"https:\/\/redfilosofia.es\/atheneblog\/?p=580"},"modified":"2015-09-17T10:16:48","modified_gmt":"2015-09-17T10:16:48","slug":"el-dia-mundial-de-la-filosofia-llega-a-madrid-con-filosofia","status":"publish","type":"post","link":"https:\/\/redfilosofia.es\/atheneblog\/2015\/09\/17\/el-dia-mundial-de-la-filosofia-llega-a-madrid-con-filosofia\/","title":{"rendered":"El D\u00eda Mundial de la Filosof\u00eda llega a Madrid con +Filosof\u00eda"},"content":{"rendered":"<p style=\"text-align: justify\">Con motivo del D\u00eda Mundial de la Filosof\u00eda, establecido por la Unesco, se pone en marcha el evento \u201c+Filosof\u00eda\u201d. Este ha sido organizado por personas implicadas en la filosof\u00eda desde distintos \u00e1mbitos \u2013filosof\u00eda pr\u00e1ctica, escritores, dise\u00f1adores, profesores- y va a tener lugar en Madrid los d\u00edas 19, 20 y 21 de noviembre, coincidiendo con el tercer jueves de dicho mes, jornada mundial de la celebraci\u00f3n.<\/p>\n<p style=\"text-align: justify\">El objetivo de estas tres jornadas ser\u00e1 la creaci\u00f3n de un <strong>espacio com\u00fan<\/strong> en el que confluyan una serie de actividades gratuitas relacionadas con la filosof\u00eda y que ser\u00e1n fruto de las <strong>propuestas<\/strong> de los propios participantes. Estas estar\u00e1n dirigidas a todos los p\u00fablicos y se buscar\u00e1, esencialmente, una mayor visibilizaci\u00f3n de las distintas formas de hacer filosof\u00eda as\u00ed como de los profesionales que se dedican a ella.<\/p>\n<p style=\"text-align: justify\">Entre las propuestas m\u00e1s destacadas, los participantes podr\u00e1n formar parte de actividades m\u00e1s tradicionales como mesas redondas o conferencias; formatos m\u00e1s innovadores como talleres pr\u00e1cticos dirigidos a ni\u00f1os o filosof\u00eda pr\u00e1ctica para todos los p\u00fablicos; actividades de difusi\u00f3n y entrenamiento de habilidades del pensamiento aplicado como los cine f\u00f3rums, los caf\u00e9s filos\u00f3ficos o programas radiof\u00f3nicos; por \u00faltimo, actividades m\u00e1s terap\u00e9uticas como el asesoramiento filos\u00f3fico y las consultas individuales.<\/p>\n<p style=\"text-align: justify\">Hasta finales del mes de septiembre todas las personas interesadas podr\u00e1n proponer actividades o comunicar su participaci\u00f3n en otras a trav\u00e9s de este contacto: <strong><em>actividades@masfilosofia.com<\/em><\/strong>. Posteriormente, durante el mes de octubre se organizar\u00e1n las actividades y las propuestas que han sido solicitadas.<\/p>\n<p>Asimismo, toda la informaci\u00f3n se puede seguir a trav\u00e9s de la p\u00e1gina web del evento:<\/p>\n<p><a href=\"http:\/\/www.masfilosofia.com\/\" target=\"_blank\" rel=\"nofollow\">www.masfilosofia.com<\/a><\/p>\n<p>Y de las redes sociales creadas para el mismo:<\/p>\n<p>++Facebook<span class=\"text_exposed_show\"><br \/>\n<a href=\"https:\/\/www.facebook.com\/evento.masfilosofia\">www.facebook.com\/evento.masfilosofia<\/a><\/span><\/p>\n<div class=\"text_exposed_show\">\n<p>++Twitter<br \/>\n<a href=\"http:\/\/twitter.com\/Mas_Filosofia_\" target=\"_blank\" rel=\"nofollow\">twitter.com\/Mas_Filosofia_<\/a><\/p>\n<p>++Instagram<br \/>\n<a href=\"http:\/\/instagram.com\/masfilosofia\/\" target=\"_blank\" rel=\"nofollow\">instagram.com\/masfilosofia\/<\/a><\/p>\n<p>++YouTube: Canal \u00abM\u00e1s Filosof\u00eda Evento\u00bb<br \/>\n<a href=\"http:\/\/www.youtube.com\/channel\/UC-RG2QF2G4WsXVreDVASD5w\" target=\"_blank\" rel=\"nofollow\">www.youtube.com\/channel\/UC-RG2QF2G4WsXVreDVASD5w<\/a><\/p>\n<\/div>\n","protected":false},"excerpt":{"rendered":"<p>Con motivo del D\u00eda Mundial de la Filosof\u00eda, establecido por la Unesco, se pone en marcha el evento \u201c+Filosof\u00eda\u201d. Este ha sido organizado por personas implicadas en la filosof\u00eda desde distintos \u00e1mbitos \u2013filosof\u00eda pr\u00e1ctica, escritores, dise\u00f1adores, profesores- y va a tener lugar en Madrid los d\u00edas 19, 20 y 21 de noviembre, coincidiendo con el [&hellip;]<\/p>\n","protected":false},"author":8,"featured_media":581,"comment_status":"open","ping_status":"open","sticky":false,"template":"","format":"gallery","meta":{"_bbp_topic_count":0,"_bbp_reply_count":0,"_bbp_total_topic_count":0,"_bbp_total_reply_count":0,"_bbp_voice_count":0,"_bbp_anonymous_reply_count":0,"_bbp_topic_count_hidden":0,"_bbp_reply_count_hidden":0,"_bbp_forum_subforum_count":0,"jetpack_post_was_ever_published":false,"footnotes":""},"categories":[5,3],"tags":[138,137,15,79],"class_list":["post-580","post","type-post","status-publish","format-gallery","has-post-thumbnail","hentry","category-articulos","category-noticias","tag-dia-mundial","tag-evento","tag-filosofia","tag-madrid","post_format-post-format-gallery"],"jetpack_featured_media_url":"https:\/\/redfilosofia.es\/atheneblog\/wp-content\/uploads\/sites\/5\/2015\/09\/11953257_422214664645563_4546803283256263611_n.png","jetpack_sharing_enabled":true,"jetpack_shortlink":"https:\/\/wp.me\/p5OYFZ-9m","_links":{"self":[{"href":"https:\/\/redfilosofia.es\/atheneblog\/wp-json\/wp\/v2\/posts\/580","targetHints":{"allow":["GET"]}}],"collection":[{"href":"https:\/\/redfilosofia.es\/atheneblog\/wp-json\/wp\/v2\/posts"}],"about":[{"href":"https:\/\/redfilosofia.es\/atheneblog\/wp-json\/wp\/v2\/types\/post"}],"author":[{"embeddable":true,"href":"https:\/\/redfilosofia.es\/atheneblog\/wp-json\/wp\/v2\/users\/8"}],"replies":[{"embeddable":true,"href":"https:\/\/redfilosofia.es\/atheneblog\/wp-json\/wp\/v2\/comments?post=580"}],"version-history":[{"count":2,"href":"https:\/\/redfilosofia.es\/atheneblog\/wp-json\/wp\/v2\/posts\/580\/revisions"}],"predecessor-version":[{"id":583,"href":"https:\/\/redfilosofia.es\/atheneblog\/wp-json\/wp\/v2\/posts\/580\/revisions\/583"}],"wp:featuredmedia":[{"embeddable":true,"href":"https:\/\/redfilosofia.es\/atheneblog\/wp-json\/wp\/v2\/media\/581"}],"wp:attachment":[{"href":"https:\/\/redfilosofia.es\/atheneblog\/wp-json\/wp\/v2\/media?parent=580"}],"wp:term":[{"taxonomy":"category","embeddable":true,"href":"https:\/\/redfilosofia.es\/atheneblog\/wp-json\/wp\/v2\/categories?post=580"},{"taxonomy":"post_tag","embeddable":true,"href":"https:\/\/redfilosofia.es\/atheneblog\/wp-json\/wp\/v2\/tags?post=580"}],"curies":[{"name":"wp","href":"https:\/\/api.w.org\/{rel}","templated":true}]}}