{"id":783,"date":"2016-05-05T18:55:58","date_gmt":"2016-05-05T18:55:58","guid":{"rendered":"https:\/\/redfilosofia.es\/atheneblog\/?p=783"},"modified":"2016-05-05T18:55:58","modified_gmt":"2016-05-05T18:55:58","slug":"video-de-la-presentacion-del-libro-maquiavelo-de-francesco-bausi","status":"publish","type":"post","link":"https:\/\/redfilosofia.es\/atheneblog\/2016\/05\/05\/video-de-la-presentacion-del-libro-maquiavelo-de-francesco-bausi\/","title":{"rendered":"V\u00eddeo de la presentaci\u00f3n del libro \u00abMaquiavelo\u00bb, de Francesco Bausi"},"content":{"rendered":"<p><strong>Video de la presentaci\u00f3n del libro \u00abMaquiavelo\u00bb, de Francesco Bausi, (trad. M. Barbuto), Val\u00e8ncia. Publicacions Universitat de Val\u00e8ncia, 2015.<\/strong><\/p>\n<p><!-- Compartit a trav\u00e9s \"UBtv | El portal de v\u00eddeo de la Universitat de Barcelona\" --><\/p>\n<div id=\"video-113717\"><\/div>\n<p><script src=\"http:\/\/nws.nice264.com\/NicePlayer\/nicePlayer.js?hash=49c79d33a77a8a62bf55&amp;quality=SS_16_9_540p_1000_MP32_ch&amp;profile=auto&amp;object=video-113717\" type=\"text\/javascript\"><\/script><br \/>\n\u00cdndice:<\/p>\n<p>Marcelo Barbuto<br \/>\n\u201cDe Maquiavelo a Machiavelli\u201d<br \/>\ninicio a 17:04<br \/>\ncomentario de Granada a 20:57<br \/>\ncomentario de Cappelli a 22:35<br \/>\ncomentario de Bausi a 28:05<\/p>\n<p>Francesco Bausi<br \/>\n\u201cMachiavelli republicano o mediceo?\u201d<br \/>\na 1:17:52<br \/>\ncomentario de Granada a 1:19:16<br \/>\ncomentario de Bausi a 1:22:05<\/p>\n<p>Guido Cappelli<br \/>\n\u00abDall&#8217;oscuro segretario mediceo al grande Machiavelli\u00bb<br \/>\na 2:01:46<br \/>\ncomentario de Bausi hasta el final.\u00bb<\/p>\n","protected":false},"excerpt":{"rendered":"<p>Video de la presentaci\u00f3n del libro \u00abMaquiavelo\u00bb, de Francesco Bausi, (trad. M. Barbuto), Val\u00e8ncia. Publicacions Universitat de Val\u00e8ncia, 2015. \u00cdndice: Marcelo Barbuto \u201cDe Maquiavelo a Machiavelli\u201d inicio a 17:04 comentario de Granada a 20:57 comentario de Cappelli a 22:35 comentario de Bausi a 28:05 Francesco Bausi \u201cMachiavelli republicano o mediceo?\u201d a 1:17:52 comentario de Granada [&hellip;]<\/p>\n","protected":false},"author":1,"featured_media":785,"comment_status":"open","ping_status":"open","sticky":false,"template":"","format":"gallery","meta":{"_bbp_topic_count":0,"_bbp_reply_count":0,"_bbp_total_topic_count":0,"_bbp_total_reply_count":0,"_bbp_voice_count":0,"_bbp_anonymous_reply_count":0,"_bbp_topic_count_hidden":0,"_bbp_reply_count_hidden":0,"_bbp_forum_subforum_count":0,"jetpack_post_was_ever_published":false,"footnotes":""},"categories":[41,6],"tags":[],"class_list":["post-783","post","type-post","status-publish","format-gallery","has-post-thumbnail","hentry","category-filosofia-a-la-vista","category-recensiones-criticas-y-analisis-de-publicaciones","post_format-post-format-gallery"],"jetpack_featured_media_url":"https:\/\/redfilosofia.es\/atheneblog\/wp-content\/uploads\/sites\/5\/2016\/05\/9788437097091.jpg","jetpack_sharing_enabled":true,"jetpack_shortlink":"https:\/\/wp.me\/p5OYFZ-cD","_links":{"self":[{"href":"https:\/\/redfilosofia.es\/atheneblog\/wp-json\/wp\/v2\/posts\/783","targetHints":{"allow":["GET"]}}],"collection":[{"href":"https:\/\/redfilosofia.es\/atheneblog\/wp-json\/wp\/v2\/posts"}],"about":[{"href":"https:\/\/redfilosofia.es\/atheneblog\/wp-json\/wp\/v2\/types\/post"}],"author":[{"embeddable":true,"href":"https:\/\/redfilosofia.es\/atheneblog\/wp-json\/wp\/v2\/users\/1"}],"replies":[{"embeddable":true,"href":"https:\/\/redfilosofia.es\/atheneblog\/wp-json\/wp\/v2\/comments?post=783"}],"version-history":[{"count":1,"href":"https:\/\/redfilosofia.es\/atheneblog\/wp-json\/wp\/v2\/posts\/783\/revisions"}],"predecessor-version":[{"id":784,"href":"https:\/\/redfilosofia.es\/atheneblog\/wp-json\/wp\/v2\/posts\/783\/revisions\/784"}],"wp:featuredmedia":[{"embeddable":true,"href":"https:\/\/redfilosofia.es\/atheneblog\/wp-json\/wp\/v2\/media\/785"}],"wp:attachment":[{"href":"https:\/\/redfilosofia.es\/atheneblog\/wp-json\/wp\/v2\/media?parent=783"}],"wp:term":[{"taxonomy":"category","embeddable":true,"href":"https:\/\/redfilosofia.es\/atheneblog\/wp-json\/wp\/v2\/categories?post=783"},{"taxonomy":"post_tag","embeddable":true,"href":"https:\/\/redfilosofia.es\/atheneblog\/wp-json\/wp\/v2\/tags?post=783"}],"curies":[{"name":"wp","href":"https:\/\/api.w.org\/{rel}","templated":true}]}}