{"id":816,"date":"2016-06-11T16:17:18","date_gmt":"2016-06-11T16:17:18","guid":{"rendered":"https:\/\/redfilosofia.es\/atheneblog\/?p=816"},"modified":"2016-06-11T16:17:18","modified_gmt":"2016-06-11T16:17:18","slug":"peticion-asamblea-de-madrid","status":"publish","type":"post","link":"https:\/\/redfilosofia.es\/atheneblog\/2016\/06\/11\/peticion-asamblea-de-madrid\/","title":{"rendered":"Petici\u00f3n Asamblea de Madrid"},"content":{"rendered":"<p>El pasado mi\u00e9rcoles d\u00eda 8 de Junio, y en nombre de la REF_Madrid, Enrique P. Mesa compareci\u00f3 en la Comisi\u00f3n de Educaci\u00f3n de la Asamblea de Madrid para defender que la Comunidad de Madrid pusiera como materias de Libre Configuraci\u00f3n Auton\u00f3mica y com\u00fan para todos los alumnos \u00a0\u00c9tica y Educaci\u00f3n C\u00edvica en 4\u00ba de ESO e Historia de la Filosof\u00eda en 2\u00ba de Bachillerato.<\/p>\n<p>Adem\u00e1s, Esperanza Rodr\u00edguez, Manuel Sanl\u00e9s y el mismo Enrique P. Mesa est\u00e1n trabajando en nombre de REF_Madrid- \u00a0en la posibilidad de hacer una proposici\u00f3n no de ley (PNL) sobre este tema y llevarla a un pleno.<\/p>\n<p>Aqu\u00ed os adjunto el v\u00ednculo: <a href=\"http:\/\/mediateca.asambleamadrid.es\/library\/items\/sesion-de-la-comision-de-educacion-y-deporte-2016-06-08?in=2424.457\" data-saferedirecturl=\"https:\/\/www.google.com\/url?hl=es&amp;q=http:\/\/mediateca.asambleamadrid.es\/library\/items\/sesion-de-la-comision-de-educacion-y-deporte-2016-06-08?in%3D2424.457&amp;source=gmail&amp;ust=1465745725556000&amp;usg=AFQjCNGBZwpn2McT44XCdZGp907eSRkmMA\">http:\/\/mediateca.asambleamadrid.es\/library\/items\/sesion-de-la-comision-de-educacion-y-deporte-2016-06-08?in=2424.457<\/a><\/p>\n<p>&nbsp;<\/p>\n<p>Un saludo,<\/p>\n<p>Enrique P. Mesa Garc\u00eda<\/p>\n<p>Presidente de la <em>Asociaci\u00f3n de Profesores de Filosof\u00eda de Madrid <\/em><\/p>\n<p><em>\u00a0<\/em><\/p>\n<p>Web: <a href=\"http:\/\/www.profesoresfilosofia.es\/\" data-saferedirecturl=\"https:\/\/www.google.com\/url?hl=es&amp;q=http:\/\/www.profesoresfilosofia.es\/&amp;source=gmail&amp;ust=1465745725557000&amp;usg=AFQjCNF1EbzbGdXw3ju6V1xp2d8fqk8oaA\">www.profesoresfilosofia.es<\/a><\/p>\n<p>Twitter: <a href=\"https:\/\/twitter.com\/apfm_profesfilo\" data-saferedirecturl=\"https:\/\/www.google.com\/url?hl=es&amp;q=https:\/\/twitter.com\/apfm_profesfilo&amp;source=gmail&amp;ust=1465745725557000&amp;usg=AFQjCNGXr4RSUp_QuzDLtQx_Be79xsKFeA\">https:\/\/twitter.com\/apfm_profesfilo<\/a><\/p>\n<p>Facebook: <a href=\"http:\/\/www.facebook.com\/apfm.filosofia\" data-saferedirecturl=\"https:\/\/www.google.com\/url?hl=es&amp;q=http:\/\/www.facebook.com\/apfm.filosofia&amp;source=gmail&amp;ust=1465745725557000&amp;usg=AFQjCNH_0psN6oHSlDKrtZewaKsURs9n0A\">www.facebook.com\/apfm.filosofia<\/a><\/p>\n<p>Campa\u00f1a <a href=\"https:\/\/www.change.org\/p\/ministerio-de-educaci%C3%B3n-no-expuls%C3%A9is-a-la-filosof%C3%ADa-de-los-colegios-salvemoslafilosof%C3%ADa?recruiter=17387887&amp;utm_source=share_petition&amp;utm_medium=twitter&amp;utm_campaign=share_twitter_responsive\" data-saferedirecturl=\"https:\/\/www.google.com\/url?hl=es&amp;q=https:\/\/www.change.org\/p\/ministerio-de-educaci%25C3%25B3n-no-expuls%25C3%25A9is-a-la-filosof%25C3%25ADa-de-los-colegios-salvemoslafilosof%25C3%25ADa?recruiter%3D17387887%26utm_source%3Dshare_petition%26utm_medium%3Dtwitter%26utm_campaign%3Dshare_twitter_responsive&amp;source=gmail&amp;ust=1465745725557000&amp;usg=AFQjCNHTyIAsIA3TRkgGJVrm-AGhh1v5Kw\">#SalvemoslaFilosof\u00eda<\/a> (recogida firmas)<\/p>\n<p>Facebook <a href=\"https:\/\/www.facebook.com\/salvemoslafilosofia\/\" data-saferedirecturl=\"https:\/\/www.google.com\/url?hl=es&amp;q=https:\/\/www.facebook.com\/salvemoslafilosofia\/&amp;source=gmail&amp;ust=1465745725557000&amp;usg=AFQjCNF0JCjn0fj00StKVLdmsZFACE8ymw\">SalvemoslaFilosof\u00eda<\/a><\/p>\n","protected":false},"excerpt":{"rendered":"<p>El pasado mi\u00e9rcoles d\u00eda 8 de Junio, y en nombre de la REF_Madrid, Enrique P. Mesa compareci\u00f3 en la Comisi\u00f3n de Educaci\u00f3n de la Asamblea de Madrid para defender que la Comunidad de Madrid pusiera como materias de Libre Configuraci\u00f3n Auton\u00f3mica y com\u00fan para todos los alumnos \u00a0\u00c9tica y Educaci\u00f3n C\u00edvica en 4\u00ba de ESO [&hellip;]<\/p>\n","protected":false},"author":1,"featured_media":600,"comment_status":"open","ping_status":"open","sticky":false,"template":"","format":"gallery","meta":{"_bbp_topic_count":0,"_bbp_reply_count":0,"_bbp_total_topic_count":0,"_bbp_total_reply_count":0,"_bbp_voice_count":0,"_bbp_anonymous_reply_count":0,"_bbp_topic_count_hidden":0,"_bbp_reply_count_hidden":0,"_bbp_forum_subforum_count":0,"jetpack_post_was_ever_published":false,"footnotes":""},"categories":[41,3],"tags":[],"class_list":["post-816","post","type-post","status-publish","format-gallery","has-post-thumbnail","hentry","category-filosofia-a-la-vista","category-noticias","post_format-post-format-gallery"],"jetpack_featured_media_url":"https:\/\/redfilosofia.es\/atheneblog\/wp-content\/uploads\/sites\/5\/2015\/10\/1443800282_346551_1443983670_noticia_fotograma.jpg","jetpack_sharing_enabled":true,"jetpack_shortlink":"https:\/\/wp.me\/p5OYFZ-da","_links":{"self":[{"href":"https:\/\/redfilosofia.es\/atheneblog\/wp-json\/wp\/v2\/posts\/816","targetHints":{"allow":["GET"]}}],"collection":[{"href":"https:\/\/redfilosofia.es\/atheneblog\/wp-json\/wp\/v2\/posts"}],"about":[{"href":"https:\/\/redfilosofia.es\/atheneblog\/wp-json\/wp\/v2\/types\/post"}],"author":[{"embeddable":true,"href":"https:\/\/redfilosofia.es\/atheneblog\/wp-json\/wp\/v2\/users\/1"}],"replies":[{"embeddable":true,"href":"https:\/\/redfilosofia.es\/atheneblog\/wp-json\/wp\/v2\/comments?post=816"}],"version-history":[{"count":1,"href":"https:\/\/redfilosofia.es\/atheneblog\/wp-json\/wp\/v2\/posts\/816\/revisions"}],"predecessor-version":[{"id":817,"href":"https:\/\/redfilosofia.es\/atheneblog\/wp-json\/wp\/v2\/posts\/816\/revisions\/817"}],"wp:featuredmedia":[{"embeddable":true,"href":"https:\/\/redfilosofia.es\/atheneblog\/wp-json\/wp\/v2\/media\/600"}],"wp:attachment":[{"href":"https:\/\/redfilosofia.es\/atheneblog\/wp-json\/wp\/v2\/media?parent=816"}],"wp:term":[{"taxonomy":"category","embeddable":true,"href":"https:\/\/redfilosofia.es\/atheneblog\/wp-json\/wp\/v2\/categories?post=816"},{"taxonomy":"post_tag","embeddable":true,"href":"https:\/\/redfilosofia.es\/atheneblog\/wp-json\/wp\/v2\/tags?post=816"}],"curies":[{"name":"wp","href":"https:\/\/api.w.org\/{rel}","templated":true}]}}