{"id":218,"date":"2014-02-08T19:51:26","date_gmt":"2014-02-08T19:51:26","guid":{"rendered":"https:\/\/redfilosofia.es\/congreso\/?p=218"},"modified":"2014-02-08T19:51:26","modified_gmt":"2014-02-08T19:51:26","slug":"segunda-circular-del-congreso","status":"publish","type":"post","link":"https:\/\/redfilosofia.es\/congreso\/2014\/02\/08\/segunda-circular-del-congreso\/","title":{"rendered":"Segunda circular del Congreso"},"content":{"rendered":"<p class=\"MsoNormal\">El lunes 3 de febrero de 2014, el <a href=\"https:\/\/redfilosofia.es\/congreso\/organizacion\/comision-organizadora\/\">Comit\u00e9 organizador del I Congreso de la REF<\/a> comenz\u00f3 a difundir la Segunda circular del Congreso, en la que se invita a la participaci\u00f3n y se indican los requisitos para el env\u00edo de las contribuciones, as\u00ed como los plazos, las cuotas de inscripci\u00f3n, etc.<\/p>\n<p class=\"MsoNormal\">La principal novedad de esta Segunda circular es que, tras algunas consultas recibidas, se especifica con m\u00e1s claridad el car\u00e1cter internacional de este I Congreso de la REF. Por un lado, se ha ampliado el n\u00famero de miembros del Comit\u00e9 cient\u00edfico, incluyendo a cuatro colegas extranjeros: <span style=\"color: #993300;\"><strong>Gabriel Vargas Lozano <\/strong><span style=\"color: #888888;\">(<\/span><\/span>Universidad Aut\u00f3noma Metropolitana, M\u00e9xico), <span style=\"color: #993300;\"><strong>Diana In\u00e9s P\u00e9rez<\/strong><\/span> (Universidad de Buenos Aires, Argentina), <span style=\"color: #993300;\"><strong>Maria Lu\u00edsa Ribeiro Ferreira<\/strong><\/span> (Universidade de Lisboa, Portugal) y <span style=\"color: #993300;\"><strong>Kevin Mulligan<\/strong><\/span> (Universit\u00e9 de Gen\u00e8ve, Suiza).<\/p>\n<p class=\"MsoNormal\">Por otro lado, se se\u00f1ala que las contribuciones pueden presentarse en las <span style=\"color: #993300;\"><strong> diferentes lenguas oficiales del Estado espa\u00f1ol <\/strong><\/span>(castellano, catal\u00e1n\/valenciano, euskera y gallego) y en los <span style=\"color: #993300;\"><strong>idiomas de m\u00e1s amplio uso acad\u00e9mico en Europa y Am\u00e9rica<\/strong><\/span> (ingl\u00e9s, franc\u00e9s, alem\u00e1n, italiano y portugu\u00e9s). Pero todas las propuestas de contribuci\u00f3n, sea cual sea su idioma, deber\u00e1n incluir un <span style=\"color: #993300;\"><strong>breve resumen en castellano<\/strong><\/span>, para facilitar la comprensi\u00f3n y el debate entre todos los participantes.<\/p>\n<p><strong><span style=\"font-size: 11pt; font-family: Arial;\">Contacto:<\/span><\/strong><\/p>\n<p class=\"MsoNormal\">&#8211; Para env\u00edo de propuestas (comunicaciones, simposios, etc.): <a href=\"mailto:congreso@redfilosofia.es\">congreso@redfilosofia.es<\/a><\/p>\n<p class=\"MsoNormal\" style=\"text-align: justify; text-justify: inter-ideograph;\"><span lang=\"ES\" style=\"font-size: 11.0pt; font-family: Arial; mso-fareast-font-family: 'Times New Roman'; mso-ansi-language: ES;\">&#8211; Para asuntos pr\u00e1cticos (inscripci\u00f3n, alojamiento, etc.): <a href=\"mailto:congreso.secretaria@redfilosofia.es\">congreso.secretaria@redfilosofia.es<\/a><\/span><\/p>\n<p class=\"MsoNormal\" style=\"text-align: justify; text-justify: inter-ideograph;\"><strong><span lang=\"ES\" style=\"font-size: 11pt; font-family: Arial;\">M\u00e1s informaci\u00f3n:<\/span><\/strong><\/p>\n<p class=\"MsoNormal\" style=\"text-align: justify; text-justify: inter-ideograph;\"><span lang=\"ES\" style=\"font-size: 11.0pt; font-family: Arial;\">La informaci\u00f3n que todav\u00eda no est\u00e1 disponible (programa, alojamiento, etc.), se har\u00e1 p\u00fablica en pr\u00f3ximas circulares y en la web oficial del Congreso: <a href=\"https:\/\/redfilosofia.es\/congreso\">https:\/\/redfilosofia.es\/congreso<\/a> <\/span><\/p>\n","protected":false},"excerpt":{"rendered":"<p>El lunes 3 de febrero de 2014, el Comit\u00e9 organizador del I Congreso de la REF comenz\u00f3 a difundir la Segunda circular del Congreso, en la que se invita a la participaci\u00f3n y se indican los requisitos para el env\u00edo de las contribuciones, as\u00ed como los plazos, las cuotas de inscripci\u00f3n, etc. La principal novedad [&hellip;]<\/p>\n","protected":false},"author":1,"featured_media":0,"comment_status":"open","ping_status":"open","sticky":false,"template":"","format":"standard","meta":{"footnotes":""},"categories":[4],"tags":[],"class_list":["post-218","post","type-post","status-publish","format-standard","hentry","category-noticias"],"jetpack_featured_media_url":"","_links":{"self":[{"href":"https:\/\/redfilosofia.es\/congreso\/wp-json\/wp\/v2\/posts\/218","targetHints":{"allow":["GET"]}}],"collection":[{"href":"https:\/\/redfilosofia.es\/congreso\/wp-json\/wp\/v2\/posts"}],"about":[{"href":"https:\/\/redfilosofia.es\/congreso\/wp-json\/wp\/v2\/types\/post"}],"author":[{"embeddable":true,"href":"https:\/\/redfilosofia.es\/congreso\/wp-json\/wp\/v2\/users\/1"}],"replies":[{"embeddable":true,"href":"https:\/\/redfilosofia.es\/congreso\/wp-json\/wp\/v2\/comments?post=218"}],"version-history":[{"count":1,"href":"https:\/\/redfilosofia.es\/congreso\/wp-json\/wp\/v2\/posts\/218\/revisions"}],"predecessor-version":[{"id":219,"href":"https:\/\/redfilosofia.es\/congreso\/wp-json\/wp\/v2\/posts\/218\/revisions\/219"}],"wp:attachment":[{"href":"https:\/\/redfilosofia.es\/congreso\/wp-json\/wp\/v2\/media?parent=218"}],"wp:term":[{"taxonomy":"category","embeddable":true,"href":"https:\/\/redfilosofia.es\/congreso\/wp-json\/wp\/v2\/categories?post=218"},{"taxonomy":"post_tag","embeddable":true,"href":"https:\/\/redfilosofia.es\/congreso\/wp-json\/wp\/v2\/tags?post=218"}],"curies":[{"name":"wp","href":"https:\/\/api.w.org\/{rel}","templated":true}]}}