{"id":479,"date":"2014-07-08T07:56:50","date_gmt":"2014-07-08T07:56:50","guid":{"rendered":"https:\/\/redfilosofia.es\/congreso\/?p=479"},"modified":"2014-07-08T07:56:50","modified_gmt":"2014-07-08T07:56:50","slug":"sexta-circular-del-congreso","status":"publish","type":"post","link":"https:\/\/redfilosofia.es\/congreso\/2014\/07\/08\/sexta-circular-del-congreso\/","title":{"rendered":"Sexta circular del Congreso"},"content":{"rendered":"<p>El <strong><span style=\"color: #993300;\">Programa<\/span><\/strong> del <a href=\"https:\/\/redfilosofia.es\/congreso\/\">I Congreso internacional de la Red espa\u00f1ola de Filosof\u00eda (REF)<\/a> ya est\u00e1 disponible en formato pdf. Al igual que el cartel anunciador del Congreso, el Programa ha sido dise\u00f1ado por Marisa Gall\u00e9n. Puede descargarse\u00a0<a href=\"http:\/\/es.scribd.com\/doc\/232926288\/I-Congreso-REF-Programa\" target=\"_blank\">en este enlace<\/a>. Tambi\u00e9n puede consultarse el en la\u00a0<a href=\"https:\/\/redfilosofia.es\/congreso\/programa\/\" target=\"_blank\">web del Congreso<\/a>. Se han editado 500 ejemplares en papel del Programa, que ser\u00e1 entregado a los participantes en el acto de recepci\u00f3n del Congreso.<\/p>\n<p>Adem\u00e1s, en la\u00a0<a href=\"https:\/\/redfilosofia.es\/congreso\/programa\/\" target=\"_blank\">web del Congreso<\/a>\u00a0estar\u00e1 disponible toda la\u00a0<span style=\"color: #993300;\"><b>documentaci\u00f3n<\/b><\/span>\u00a0aportada por los propios participantes. Se puede consultar ya la documentaci\u00f3n correspondiente a los simposios, los talleres y las presentaciones, y en los pr\u00f3ximos d\u00edas se podr\u00e1 consultar tambi\u00e9n la de las secciones tem\u00e1ticas. De ese modo, las personas interesadas podr\u00e1n descarg\u00e1rsela en formato pdf, clicando en el t\u00edtulo de cada comunicaci\u00f3n, simposio, taller o presentaci\u00f3n.<\/p>\n<p>El Comit\u00e9 Organizador\u200b<\/p>\n","protected":false},"excerpt":{"rendered":"<p>El Programa del I Congreso internacional de la Red espa\u00f1ola de Filosof\u00eda (REF) ya est\u00e1 disponible en formato pdf. Al igual que el cartel anunciador del Congreso, el Programa ha sido dise\u00f1ado por Marisa Gall\u00e9n. Puede descargarse\u00a0en este enlace. Tambi\u00e9n puede consultarse el en la\u00a0web del Congreso. Se han editado 500 ejemplares en papel del [&hellip;]<\/p>\n","protected":false},"author":1,"featured_media":0,"comment_status":"open","ping_status":"open","sticky":false,"template":"","format":"standard","meta":{"footnotes":""},"categories":[4],"tags":[],"class_list":["post-479","post","type-post","status-publish","format-standard","hentry","category-noticias"],"jetpack_featured_media_url":"","_links":{"self":[{"href":"https:\/\/redfilosofia.es\/congreso\/wp-json\/wp\/v2\/posts\/479","targetHints":{"allow":["GET"]}}],"collection":[{"href":"https:\/\/redfilosofia.es\/congreso\/wp-json\/wp\/v2\/posts"}],"about":[{"href":"https:\/\/redfilosofia.es\/congreso\/wp-json\/wp\/v2\/types\/post"}],"author":[{"embeddable":true,"href":"https:\/\/redfilosofia.es\/congreso\/wp-json\/wp\/v2\/users\/1"}],"replies":[{"embeddable":true,"href":"https:\/\/redfilosofia.es\/congreso\/wp-json\/wp\/v2\/comments?post=479"}],"version-history":[{"count":2,"href":"https:\/\/redfilosofia.es\/congreso\/wp-json\/wp\/v2\/posts\/479\/revisions"}],"predecessor-version":[{"id":481,"href":"https:\/\/redfilosofia.es\/congreso\/wp-json\/wp\/v2\/posts\/479\/revisions\/481"}],"wp:attachment":[{"href":"https:\/\/redfilosofia.es\/congreso\/wp-json\/wp\/v2\/media?parent=479"}],"wp:term":[{"taxonomy":"category","embeddable":true,"href":"https:\/\/redfilosofia.es\/congreso\/wp-json\/wp\/v2\/categories?post=479"},{"taxonomy":"post_tag","embeddable":true,"href":"https:\/\/redfilosofia.es\/congreso\/wp-json\/wp\/v2\/tags?post=479"}],"curies":[{"name":"wp","href":"https:\/\/api.w.org\/{rel}","templated":true}]}}