{"id":632,"date":"2014-09-11T12:36:37","date_gmt":"2014-09-11T12:36:37","guid":{"rendered":"https:\/\/redfilosofia.es\/congreso\/?p=632"},"modified":"2014-09-11T12:39:09","modified_gmt":"2014-09-11T12:39:09","slug":"se-ha-celebrado-con-gran-exito-el-i-congreso-de-la-ref","status":"publish","type":"post","link":"https:\/\/redfilosofia.es\/congreso\/2014\/09\/11\/se-ha-celebrado-con-gran-exito-el-i-congreso-de-la-ref\/","title":{"rendered":"Se ha celebrado con gran \u00e9xito el I Congreso de la REF"},"content":{"rendered":"<p>El <a href=\"https:\/\/redfilosofia.es\/congreso\/\">I Congreso internacional de la Red espa\u00f1ola de Filosof\u00eda<\/a> se ha celebrado del 3 al 5 de septiembre de 2014, en la <a href=\"http:\/\/www.uv.es\/uvweb\/filosofia-educacion\/es\/facultat-filosofia-ciencies-educacio-1285848711660.html\">Facultat de Filosofia i Ci\u00e8ncies de l\u2019Educaci\u00f3 de la Universitat de Val\u00e8ncia<\/a>, que ha ejercido como anfitriona y co-organizadora.<\/p>\n<p>Todos los asistentes se han visto muy gratamente sorprendidos por la cantidad, la variedad y la calidad de las propuestas presentadas, as\u00ed como por la excelente labor realizada por el <a href=\"https:\/\/redfilosofia.es\/congreso\/organizacion\/comision-organizadora\/\">Comit\u00e9 organizador<\/a>.<\/p>\n<p>Este Congreso se ha organizado conforme a lo acordado en las <a href=\"https:\/\/redfilosofia.es\/blog\/2012\/06\/19\/jornadas-sobre-la-situacion-de-la-filosofia-en-el-sistema-educativo-espanol\/\">jornadas fundacionales de la REF<\/a>, celebradas el 4 y 5 de mayo de 2012, en la Facultad de Filosof\u00eda de la Universidad Complutense de Madrid. En ellas se decidi\u00f3 crear la REF y celebrar un Congreso trienal de \u00e1mbito estatal y de tem\u00e1tica general, abierto a los profesores e investigadores de todas las \u00e1reas filos\u00f3ficas y de todos niveles educativos, y abierto tambi\u00e9n a los profesionales que trabajan fuera de las instituciones acad\u00e9micas.<\/p>\n<p>Era la primera vez que se celebraba un Congreso de este tipo, y la respuesta de los profesionales de la filosof\u00eda ha sido impresionante: han participado fil\u00f3sofas y fil\u00f3sofos de toda Espa\u00f1a, pero tambi\u00e9n de otros pa\u00edses de Europa y de Latinoam\u00e9rica. En total, el Congreso ha contado con m\u00e1s de 400 asistentes. El elevado n\u00famero de inscripciones, junto con una aportaci\u00f3n econ\u00f3mica de la REF, ha permitido la autofinanciaci\u00f3n del Congreso, dada la completa ausencia de subvenciones externas.<\/p>\n<p>Durante tres d\u00edas y en once sesiones paralelas, se han debatido unas 270 comunicaciones, distribuidas en 10 secciones tem\u00e1ticas, 12 simposios monogr\u00e1ficos y 7 talleres, entre ellos una lectura dramatizada de dos relatos filos\u00f3ficos. Todas las propuestas hab\u00edan sido sometidas a un proceso de evaluaci\u00f3n ciega por parte de los miembros del <a href=\"https:\/\/redfilosofia.es\/congreso\/organizacion\/comite-cientifico\/\">Comit\u00e9 cient\u00edfico<\/a>.<\/p>\n<p>El Congreso se abri\u00f3 con la conferencia inaugural del presidente de la REF, <a href=\"http:\/\/webs.um.es\/campillo\/miwiki\/doku.php\">Antonio Campillo<\/a>, titulada \u201cTierra de nadie: filosof\u00eda y sociedad global\u201d, y concluy\u00f3 con la conferencia de la profesora em\u00e9rita de la Universidad Aut\u00f3noma de Barcelona, <a href=\"http:\/\/www.victoriacamps.es\/\">Victoria Camps<\/a>, titulada: \u201cLa filosof\u00eda ante la precariedad\u201d. El acto de clausura estuvo presidido por el Rector de la Universidad de Valencia, D. Esteban Morcillo S\u00e1nchez.<\/p>\n<p>El t\u00edtulo elegido para este primer Congreso, <a href=\"https:\/\/redfilosofia.es\/congreso\/\"><em>Los retos de la Filosof\u00eda en el siglo XXI<\/em><\/a>, era una invitaci\u00f3n para que las fil\u00f3sofas y fil\u00f3sofos espa\u00f1oles debatieran sobre las grandes cuestiones te\u00f3ricas y pr\u00e1cticas suscitadas por el mundo contempor\u00e1neo. Y, de hecho, las propuestas presentadas son un mapa bastante representativo de la filosof\u00eda que se hace hoy en Espa\u00f1a, en los m\u00e1s diversos campos tem\u00e1ticos: ontolog\u00eda, antropolog\u00eda, \u00e9tica, pol\u00edtica, est\u00e9tica, l\u00f3gica, lenguaje, conocimiento, ciencia, t\u00e9cnica, educaci\u00f3n, historia del pensamiento y estudios de g\u00e9nero.<\/p>\n<p>Las cuestiones debatidas en las 10 secciones tem\u00e1ticas, en los 12 simposios monogr\u00e1ficos y en los 7 talleres pr\u00e1cticos, han puesto de manifiesto que la comunidad filos\u00f3fica espa\u00f1ola se toma muy en serio los retos que el siglo XXI nos plantea a todos los seres humanos.<\/p>\n<p>Algunos han propuesto recuperar y revisar cr\u00edticamente la propia tradici\u00f3n filos\u00f3fica, tanto espa\u00f1ola como europea, para confrontarla con los problemas del presente. Por eso, ha habido simposios sobre la Ilustraci\u00f3n, Kant, Marx, las fil\u00f3sofas y escritoras del siglo XX, y el pensamiento pol\u00edtico del exilio espa\u00f1ol de 1939.<\/p>\n<p>Otros han propuesto nuevos instrumentos conceptuales para afrontar los grandes retos de la nueva sociedad planetaria. Y lo han hecho en simposios dedicados a la argumentaci\u00f3n en la era digital, el papel activo de las \u00e9ticas aplicadas, la fraternidad, el cuidado, la sustentabilidad ecol\u00f3gica y la relaci\u00f3n con los animales no humanos.<\/p>\n<p>Y otros, en fin, han debatido sobre los confines de la propia filosof\u00eda y sobre el papel que debe desempe\u00f1ar en la cultura del siglo XXI. Uno de los simposios y la mayor\u00eda de los talleres se han dedicado a analizar la relaci\u00f3n de la filosof\u00eda con otros saberes, el lugar que debe ocupar en el sistema educativo, y c\u00f3mo debe renovar su ense\u00f1anza.<\/p>\n<p>Dada la cantidad, variedad y calidad de las propuestas presentadas, el Comit\u00e9 organizador de la REF tiene intenci\u00f3n de darles la m\u00e1xima difusi\u00f3n posible, para que sean conocidas en el resto del mundo, y tambi\u00e9n para que contribuyan a enriquecer la vida cultural y los grandes debates p\u00fablicos de la propia sociedad espa\u00f1ola. Por un lado, se va a realizar una edici\u00f3n digital de todas las comunicaciones presentadas; por otro lado, se va a publicar un amplio documental elaborado por el Taller d&#8217;Audiovisuals de la Universitat de Val\u00e8ncia; adem\u00e1s, todo ello se va a difundir a trav\u00e9s de las redes sociales; por \u00faltimo, varios medios de comunicaci\u00f3n (como <a href=\"http:\/\/www.eldiario.es\/caballodenietzsche\/Heridos-hambrientos-ateridos-animales-naturaleza_6_299980011.html\">diario.es<\/a>, La Vanguardia, <a href=\"http:\/\/www.levante-emv.com\/comunitat-valenciana\/2014\/09\/05\/filosofia-rentabilidad-social-moral-utilidad\/1157839.html\">Levante<\/a>, la <a href=\"http:\/\/mediauni.uv.es\/tv#.VAwk80jwMXy\">Televisi\u00f3n Universitaria de la Universidad de Valencia<\/a>, etc.) ya se est\u00e1n haciendo eco del Congreso, mediante la publicaci\u00f3n de cr\u00f3nicas, entrevistas e incluso fragmentos de las intervenciones de los participantes.<\/p>\n<p>El Congreso ha contado, adem\u00e1s, con numerosas presentaciones de libros, revistas, colecciones editoriales y nuevas asociaciones filos\u00f3ficas. Varias editoriales (como Gedisa, Herder, Plaza &amp; Vald\u00e9s) instalaron durante los tres d\u00edas mesas de exposici\u00f3n y venta de obras de filosof\u00eda.<\/p>\n<p>Se han celebrado tambi\u00e9n dos actividades complementarias, que contaron con una amplia asistencia de p\u00fablico: la obra de teatro <a href=\"http:\/\/www.inversateatro.com\/inicio\/es\"><em>T\u00e9 con Kant<\/em><\/a>, a cargo de la compa\u00f1\u00eda gallega Inversa Teatro; y el documental <a href=\"http:\/\/es.wikipedia.org\/wiki\/Nanuk,_el_esquimal\"><em>Nanuk el esquimal<\/em><\/a>, con acompa\u00f1amiento musical en directo.<\/p>\n<p>El jueves por la tarde, en el ecuador del Congreso, se celebr\u00f3 la Asamblea General Ordinaria de la REF, y a continuaci\u00f3n una Asamblea General Extraordinaria, con la participaci\u00f3n de los representantes de las entidades que forman parte de la misma.<\/p>\n<p>En la Asamblea Ordinaria, Antonio Campillo, Esperanza Rodr\u00edguez y Concha Rold\u00e1n informaron de las actividades realizadas durante el \u00faltimo a\u00f1o; Jacinto Rivera inform\u00f3 del balance econ\u00f3mico del curso 2013-2014; se aprob\u00f3 el ingreso de nuevas entidades; se acord\u00f3 la reforma del Art. 39 de los Estatutos para incluir una nueva Comisi\u00f3n permanente (denominada Comisi\u00f3n de la Olimpiada Filos\u00f3fica); y, por \u00faltimo, se eligi\u00f3 la sede del II Congreso, que se celebrar\u00e1 en la Universidad de Zaragoza, en 2017.<\/p>\n<p>En la Asamblea Extraordinaria, se eligi\u00f3 a la nueva Junta directiva (que seguir\u00e1 contando con Antonio Campillo como presidente, con Delia Manzanero como secretaria y con Jacinto Rivera como tesorero, y a la que se incorpora como nueva vicepresidenta Mar\u00eda Jos\u00e9 Guerra). Tambi\u00e9n se eligi\u00f3 a las nuevas Comisiones de trabajo, cuyos presidentes\/as ser\u00e1n elegidos por las respectivas Comisiones y pasar\u00e1n a formar parte de la nueva Junta. Esta Junta electa, a su vez, nombrar\u00e1 a dos responsables de Comunicaci\u00f3n, que tambi\u00e9n pasar\u00e1n a formar parte de la misma, conforme a lo establecido en los Estatutos.<\/p>\n","protected":false},"excerpt":{"rendered":"<p>El I Congreso internacional de la Red espa\u00f1ola de Filosof\u00eda se ha celebrado del 3 al 5 de septiembre de 2014, en la Facultat de Filosofia i Ci\u00e8ncies de l\u2019Educaci\u00f3 de la Universitat de Val\u00e8ncia, que ha ejercido como anfitriona y co-organizadora. Todos los asistentes se han visto muy gratamente sorprendidos por la cantidad, la [&hellip;]<\/p>\n","protected":false},"author":1,"featured_media":0,"comment_status":"open","ping_status":"open","sticky":false,"template":"","format":"standard","meta":{"footnotes":""},"categories":[3,4],"tags":[],"class_list":["post-632","post","type-post","status-publish","format-standard","hentry","category-inicio","category-noticias"],"jetpack_featured_media_url":"","_links":{"self":[{"href":"https:\/\/redfilosofia.es\/congreso\/wp-json\/wp\/v2\/posts\/632","targetHints":{"allow":["GET"]}}],"collection":[{"href":"https:\/\/redfilosofia.es\/congreso\/wp-json\/wp\/v2\/posts"}],"about":[{"href":"https:\/\/redfilosofia.es\/congreso\/wp-json\/wp\/v2\/types\/post"}],"author":[{"embeddable":true,"href":"https:\/\/redfilosofia.es\/congreso\/wp-json\/wp\/v2\/users\/1"}],"replies":[{"embeddable":true,"href":"https:\/\/redfilosofia.es\/congreso\/wp-json\/wp\/v2\/comments?post=632"}],"version-history":[{"count":2,"href":"https:\/\/redfilosofia.es\/congreso\/wp-json\/wp\/v2\/posts\/632\/revisions"}],"predecessor-version":[{"id":634,"href":"https:\/\/redfilosofia.es\/congreso\/wp-json\/wp\/v2\/posts\/632\/revisions\/634"}],"wp:attachment":[{"href":"https:\/\/redfilosofia.es\/congreso\/wp-json\/wp\/v2\/media?parent=632"}],"wp:term":[{"taxonomy":"category","embeddable":true,"href":"https:\/\/redfilosofia.es\/congreso\/wp-json\/wp\/v2\/categories?post=632"},{"taxonomy":"post_tag","embeddable":true,"href":"https:\/\/redfilosofia.es\/congreso\/wp-json\/wp\/v2\/tags?post=632"}],"curies":[{"name":"wp","href":"https:\/\/api.w.org\/{rel}","templated":true}]}}