{"id":924,"date":"2015-08-16T17:01:47","date_gmt":"2015-08-16T17:01:47","guid":{"rendered":"https:\/\/redfilosofia.es\/congreso\/?p=924"},"modified":"2015-08-16T17:11:48","modified_gmt":"2015-08-16T17:11:48","slug":"edicion-de-las-actas-del-i-congreso-de-la-ref","status":"publish","type":"post","link":"https:\/\/redfilosofia.es\/congreso\/2015\/08\/16\/edicion-de-las-actas-del-i-congreso-de-la-ref\/","title":{"rendered":"Edici\u00f3n en l\u00ednea de las Actas del I Congreso de la REF"},"content":{"rendered":"<p>Las Actas del I Congreso internacional de la Red espa\u00f1ola de Filosof\u00eda, celebrado del 3 al 5 de septiembre de 2014 en la Universitat de Val\u00e8ncia, se encuentran ya disponibles en l\u00ednea, en la <a href=\"https:\/\/redfilosofia.es\/congreso\/actas\/\">web oficial del Congreso<\/a>, con el t\u00edtulo <strong><a href=\"https:\/\/redfilosofia.es\/congreso\/actas\/\"><span style=\"color: #993300;\"><em>Los retos de la Filosof\u00eda en el siglo XXI. <\/em><em>Actas del I Congreso internacional de la Red espa\u00f1ola de Filosof\u00eda<\/em><\/span><\/a>.<\/strong><strong><br \/>\n<\/strong><\/p>\n<p>La edici\u00f3n impresa de las Actas, en formato CD, ser\u00e1 publicada en oto\u00f1o de 2015 por Publicacions de la Universitat de Val\u00e8ncia (PUV), dado que esta universidad fue la anfitriona del Congreso.<\/p>\n<p>En la <a href=\"https:\/\/redfilosofia.es\/congreso\/actas\/\">web oficial del Congreso<\/a> puede consultarse y descargarse la edici\u00f3n completa de las Actas en formato pdf (1.738 p\u00e1ginas), o bien cada uno de los XX vol\u00famenes por separado, o bien cada uno de los documentos individuales: el \u00edndice general, la presentaci\u00f3n, las dos conferencias plenarias y las 145 comunicaciones.<\/p>\n<p><span style=\"color: #000000;\">En estas Actas no se<\/span> recogen las 270 comunicaciones que fueron presentadas oralmente durante el Congreso, sino solamente las 145 cuyo texto completo fue recibido, revisado, evaluado y aceptado por los editores para su publicaci\u00f3n. El <span style=\"color: #000000;\">Programa<\/span> completo del Congreso puede <a href=\"https:\/\/redfilosofia.es\/congreso\/programa\/\">consultarse en su web oficial<\/a> o <a href=\"https:\/\/redfilosofia.es\/congreso\/wp-content\/uploads\/sites\/4\/2013\/07\/I_Congreso_REF_Programa_completo.pdf\">descargarse aqu\u00ed<\/a>.<\/p>\n<p><span style=\"color: #000000;\">Paralelamente a estas Actas, se ha e<\/span><span style=\"color: #993300;\"><span style=\"color: #000000;\">ditado tambi\u00e9n un Documental <\/span><\/span>de 10,14 minutos en el que se ofrece una breve cr\u00f3nica de la REF y de su I Congreso. <a href=\"https:\/\/www.youtube.com\/watch?v=qL68QIdV_A4&amp;list=PLQSqENM7xIBYpaz4dF4DvINyj0Kwp-wHq&amp;index=1\">Puede verse aqu\u00ed<\/a>.<\/p>\n<p>Los responsables de la coordinaci\u00f3n general de las Actas han sido Antonio Campillo y Delia Manzanero, presidente y secretaria de la Junta directiva de la REF.<\/p>\n<p>Adem\u00e1s, otras veinticuatro personas han participado en la coordinaci\u00f3n de cada uno de los XX vol\u00famenes: Juan Manuel Aragu\u00e9s, Txetxu Aus\u00edn, Fernando Broncano, Neus Campillo, Cinta Canterla, Cristina Corredor, Jes\u00fas M. D\u00edaz, Catia Faria, Anacleto Ferrer, F\u00e9lix Garc\u00eda Moriy\u00f3n, Mar\u00eda Jos\u00e9 Guerra, Asunci\u00f3n Herrera, Joan B. Llinares, Jos\u00e9 Luis Moreno Pesta\u00f1a, Carlos Moya, Eze Paez, Jorge Riechmann, Roberto Rodr\u00edguez Aramayo, Concha Rold\u00e1n, Antol\u00edn S\u00e1nchez Cuervo, Javier San Mart\u00edn, Marta Tafalla, Pedro Jes\u00fas Teruel y Luis Vega<strong>. <\/strong><\/p>\n<p>Y otras dos personas m\u00e1s han colaborado en el trabajo t\u00e9cnico de maquetaci\u00f3n, paginaci\u00f3n y publicaci\u00f3n en l\u00ednea: David D\u00edaz Soto y Carlos Rivas Mangas.<\/p>\n","protected":false},"excerpt":{"rendered":"<p>Las Actas del I Congreso internacional de la Red espa\u00f1ola de Filosof\u00eda, celebrado del 3 al 5 de septiembre de 2014 en la Universitat de Val\u00e8ncia, se encuentran ya disponibles en l\u00ednea, en la web oficial del Congreso, con el t\u00edtulo Los retos de la Filosof\u00eda en el siglo XXI. Actas del I Congreso internacional [&hellip;]<\/p>\n","protected":false},"author":1,"featured_media":0,"comment_status":"open","ping_status":"open","sticky":false,"template":"","format":"standard","meta":{"footnotes":""},"categories":[4],"tags":[],"class_list":["post-924","post","type-post","status-publish","format-standard","hentry","category-noticias"],"jetpack_featured_media_url":"","_links":{"self":[{"href":"https:\/\/redfilosofia.es\/congreso\/wp-json\/wp\/v2\/posts\/924","targetHints":{"allow":["GET"]}}],"collection":[{"href":"https:\/\/redfilosofia.es\/congreso\/wp-json\/wp\/v2\/posts"}],"about":[{"href":"https:\/\/redfilosofia.es\/congreso\/wp-json\/wp\/v2\/types\/post"}],"author":[{"embeddable":true,"href":"https:\/\/redfilosofia.es\/congreso\/wp-json\/wp\/v2\/users\/1"}],"replies":[{"embeddable":true,"href":"https:\/\/redfilosofia.es\/congreso\/wp-json\/wp\/v2\/comments?post=924"}],"version-history":[{"count":2,"href":"https:\/\/redfilosofia.es\/congreso\/wp-json\/wp\/v2\/posts\/924\/revisions"}],"predecessor-version":[{"id":926,"href":"https:\/\/redfilosofia.es\/congreso\/wp-json\/wp\/v2\/posts\/924\/revisions\/926"}],"wp:attachment":[{"href":"https:\/\/redfilosofia.es\/congreso\/wp-json\/wp\/v2\/media?parent=924"}],"wp:term":[{"taxonomy":"category","embeddable":true,"href":"https:\/\/redfilosofia.es\/congreso\/wp-json\/wp\/v2\/categories?post=924"},{"taxonomy":"post_tag","embeddable":true,"href":"https:\/\/redfilosofia.es\/congreso\/wp-json\/wp\/v2\/tags?post=924"}],"curies":[{"name":"wp","href":"https:\/\/api.w.org\/{rel}","templated":true}]}}