{"id":1790,"date":"2021-04-06T17:19:33","date_gmt":"2021-04-06T15:19:33","guid":{"rendered":"https:\/\/redfilosofia.es\/laboratorio\/?p=1790"},"modified":"2021-04-06T17:19:34","modified_gmt":"2021-04-06T15:19:34","slug":"el-laboratorio-colabora-con-cartagena-piensa-para-organizar-el-ciclo-utopias-reales","status":"publish","type":"post","link":"https:\/\/redfilosofia.es\/laboratorio\/2021\/04\/06\/el-laboratorio-colabora-con-cartagena-piensa-para-organizar-el-ciclo-utopias-reales\/","title":{"rendered":"El Laboratorio colabora con Cartagena Piensa para organizar el ciclo \u00abUtop\u00edas reales\u00bb"},"content":{"rendered":"\n<p>Hoy se ha presentado el programa para el segundo trimestre del a\u00f1o de Cartagena Piensa, en el que El Laboratorio participa organizando un ciclo de conferencias titulado \u00abUtop\u00edas reales\u00bb, que se extender\u00e1 durante todo el mes de abril con cuatro actos. <\/p>\n\n\n\n<p>\u00a0Adem\u00e1s de acoger la\u00a0presentaci\u00f3n\u00a0online\u00a0del Laboratorio (jueves 8 de abril a las 19.00), el ciclo incluye tres actos (online):\u00a0una visi\u00f3n panor\u00e1mica de las utop\u00edas\u00a0en el siglo XXI (<strong>Francisco Martorell<\/strong>), una aproximaci\u00f3n al \u00abreto nuclear\u00bb (<strong>Tica Font<\/strong>) y una experiencia de laboratorio biosocial que nos llega desde M\u00e9xico D.F. (<strong>Paco Ayala<\/strong>). Encontrar\u00e9is toda la informaci\u00f3n en la p\u00e1gina web de <a rel=\"noreferrer noopener\" aria-label=\"CT Piensa (opens in a new tab)\" href=\"https:\/\/cartagenapiensa.es\/\" target=\"_blank\">CT Piensa<\/a>.<\/p>\n\n\n\n<p>CT Piensa es un programa p\u00fablico de pensamiento y cultura cient\u00edfica que sostiene la\u00a0<strong>Concejal\u00eda de Cultura del Ayuntamiento de Cartagena<\/strong>\u00a0y organiza un\u00a0<strong>Grupo Promotor<\/strong>. Ambos, programa y grupo, son fruto del trabajo de las jornadas de\u00a0<a rel=\"noreferrer noopener\" href=\"http:\/\/wwwe.cartagena.es\/jornadasculturales\/\" target=\"_blank\">Cartagena, Cultura y Municipio<\/a>, que se desarrollaron los d\u00edas 27 y 28 de noviembre de 2015 en el Auditorio y Palacio de Congresos El Batel de Cartagena. Se trata de un programa pionero de participaci\u00f3n ciudadana en la vida cultural del municipio, que alcanza los cinco a\u00f1os de vida en plena forma y mirando al futuro.<\/p>\n\n\n\n<p>Os dejamos con el video de presentaci\u00f3n de la programaci\u00f3n del trimestre. <a rel=\"noreferrer noopener\" aria-label=\"M\u00e1s informaci\u00f3n sobre el programa (opens in a new tab)\" href=\"https:\/\/cartagenapiensa.es\/programa-cartagena-piensa-14-abril-junio-2021\/\" target=\"_blank\">M\u00e1s informaci\u00f3n sobre el programa<\/a>, en la p\u00e1gina web de <a rel=\"noreferrer noopener\" aria-label=\"CT Piensa (opens in a new tab)\" href=\"https:\/\/cartagenapiensa.es\/\" target=\"_blank\">CT Piensa<\/a>.<\/p>\n\n\n\n<figure class=\"wp-block-embed-youtube wp-block-embed is-type-video is-provider-youtube wp-embed-aspect-16-9 wp-has-aspect-ratio\"><div class=\"wp-block-embed__wrapper\">\n<iframe loading=\"lazy\" title=\"Chantal Mouffe y Renata \u00c1vila, protagonistas del pr\u00f3ximo trimestre de Cartagena Piensa\" width=\"800\" height=\"450\" src=\"https:\/\/www.youtube.com\/embed\/h-jAOew8l4o?feature=oembed\" frameborder=\"0\" allow=\"accelerometer; autoplay; clipboard-write; encrypted-media; gyroscope; picture-in-picture\" allowfullscreen><\/iframe>\n<\/div><\/figure>\n","protected":false},"excerpt":{"rendered":"<p>Hoy se ha presentado el programa para el segundo trimestre del a\u00f1o de Cartagena Piensa, en el que El Laboratorio participa organizando un ciclo de [&#8230;]<\/p>\n","protected":false},"author":15,"featured_media":1791,"comment_status":"open","ping_status":"open","sticky":false,"template":"","format":"standard","meta":{"rop_custom_images_group":[],"rop_custom_messages_group":[],"rop_publish_now":"initial","rop_publish_now_accounts":[],"rop_publish_now_history":[],"rop_publish_now_status":"pending","jetpack_post_was_ever_published":false,"_jetpack_newsletter_access":"","_jetpack_dont_email_post_to_subs":false,"_jetpack_newsletter_tier_id":0,"_jetpack_memberships_contains_paywalled_content":false,"_jetpack_memberships_contains_paid_content":false,"footnotes":""},"categories":[3],"tags":[],"class_list":["post-1790","post","type-post","status-publish","format-standard","has-post-thumbnail","hentry","category-noticias"],"jetpack_featured_media_url":"https:\/\/redfilosofia.es\/laboratorio\/wp-content\/uploads\/sites\/7\/2021\/04\/ctpiensa-cartagena-piensa.png","jetpack_sharing_enabled":true,"_links":{"self":[{"href":"https:\/\/redfilosofia.es\/laboratorio\/wp-json\/wp\/v2\/posts\/1790","targetHints":{"allow":["GET"]}}],"collection":[{"href":"https:\/\/redfilosofia.es\/laboratorio\/wp-json\/wp\/v2\/posts"}],"about":[{"href":"https:\/\/redfilosofia.es\/laboratorio\/wp-json\/wp\/v2\/types\/post"}],"author":[{"embeddable":true,"href":"https:\/\/redfilosofia.es\/laboratorio\/wp-json\/wp\/v2\/users\/15"}],"replies":[{"embeddable":true,"href":"https:\/\/redfilosofia.es\/laboratorio\/wp-json\/wp\/v2\/comments?post=1790"}],"version-history":[{"count":1,"href":"https:\/\/redfilosofia.es\/laboratorio\/wp-json\/wp\/v2\/posts\/1790\/revisions"}],"predecessor-version":[{"id":1792,"href":"https:\/\/redfilosofia.es\/laboratorio\/wp-json\/wp\/v2\/posts\/1790\/revisions\/1792"}],"wp:featuredmedia":[{"embeddable":true,"href":"https:\/\/redfilosofia.es\/laboratorio\/wp-json\/wp\/v2\/media\/1791"}],"wp:attachment":[{"href":"https:\/\/redfilosofia.es\/laboratorio\/wp-json\/wp\/v2\/media?parent=1790"}],"wp:term":[{"taxonomy":"category","embeddable":true,"href":"https:\/\/redfilosofia.es\/laboratorio\/wp-json\/wp\/v2\/categories?post=1790"},{"taxonomy":"post_tag","embeddable":true,"href":"https:\/\/redfilosofia.es\/laboratorio\/wp-json\/wp\/v2\/tags?post=1790"}],"curies":[{"name":"wp","href":"https:\/\/api.w.org\/{rel}","templated":true}]}}