{"id":834,"date":"2020-07-13T08:41:19","date_gmt":"2020-07-13T06:41:19","guid":{"rendered":"https:\/\/redfilosofia.es\/laboratorio\/?p=834"},"modified":"2020-07-13T08:41:20","modified_gmt":"2020-07-13T06:41:20","slug":"la-agricultura-superintensiva-del-olivo-un-paso-mas-en-el-proceso-desertificador","status":"publish","type":"post","link":"https:\/\/redfilosofia.es\/laboratorio\/2020\/07\/13\/la-agricultura-superintensiva-del-olivo-un-paso-mas-en-el-proceso-desertificador\/","title":{"rendered":"La agricultura superintensiva del olivo: un paso m\u00e1s en el proceso desertificador"},"content":{"rendered":"\n<h4 class=\"wp-block-heading\">En Almer\u00eda, miles de hect\u00e1reas dedicadas al cultivo intensivo del olivo, amenazan su acu\u00edfero. <\/h4>\n\n\n\n<p>Que la agricultura intensiva es una de las causas de los procesos de destrucci\u00f3n medioambiental no es ning\u00fan secreto. La lucha de compa\u00f1eros y compa\u00f1eras ecologistas en Iberoam\u00e9rica contra las grandes plantaciones, <a rel=\"noreferrer noopener\" aria-label=\"jug\u00e1ndose la vida (opens in a new tab)\" href=\"https:\/\/www.lavanguardia.com\/natural\/20200130\/473214910498\/hallan-asesinado-ambientalista-defensor-mariposa-monarca-mexico.html\" target=\"_blank\">jug\u00e1ndose la vida<\/a> en defensa de sus comunidades y formas de vida, est\u00e1 en la mente de todos, as\u00ed como el hecho de que, durante la pandemia, las plantaciones de soja para consumo del ganado <a rel=\"noreferrer noopener\" aria-label=\"se han multiplicado (opens in a new tab)\" href=\"https:\/\/www.elmundo.es\/ciencia-y-salud\/ciencia\/2020\/05\/27\/5ecd36c6fdddffc5bd8b4580.html\" target=\"_blank\">se han multiplicado<\/a>, arrasando a su paso grandes sectores de la selva amaz\u00f3nica y desplazando a la poblaci\u00f3n originaria. A esto se une <a rel=\"noreferrer noopener\" aria-label=\"el impacto de la COVID-19 (opens in a new tab)\" href=\"https:\/\/www.lamarea.com\/2020\/06\/03\/los-indigenas-de-brasil-piden-ayuda-para-combatir-la-covid-19\/\" target=\"_blank\">el impacto de la COVID-19<\/a> y el abandono del gobierno brasile\u00f1o.<\/p>\n\n\n\n<p>Tambi\u00e9n en Espa\u00f1a sufrimos los efectos de la agricultura intensiva, con un impacto ecol\u00f3gico m\u00e1s que evidente en lugares como el Mar Menor (Murcia): una laguna de agua salada que est\u00e1 atravesando<a rel=\"noreferrer noopener\" aria-label=\" un proceso de eutrofizaci\u00f3n (opens in a new tab)\" href=\"http:\/\/eimaformacion.com\/la-eutrofizacion-del-mar-menor\/\" target=\"_blank\"> un proceso de eutrofizaci\u00f3n<\/a> debido a la aportaci\u00f3n de nutrientes provenientes de las explotaciones de agricultura intensiva que la rodean. <\/p>\n\n\n\n<figure class=\"wp-block-image size-large\"><img decoding=\"async\" src=\"https:\/\/cdn.pixabay.com\/photo\/2019\/11\/20\/18\/27\/olivas-4640779_1280.jpg\" alt=\"\" \/><\/figure>\n\n\n\n<p>La noticia que traemos hoy ilustra c\u00f3mo este tipo de agricultura pone en riesgo las reservas de agua de los terrenos donde se asienta, contribuyendo de esta forma a los procesos de desertificaci\u00f3n. Es el caso de las extensas plantaciones de olivos que encontramos en la provincia de Almer\u00eda, en la comarca de Tabernas, una de las zonas m\u00e1s \u00e1ridas de Europa. <\/p>\n\n\n\n<p><a href=\"https:\/\/www.eldiario.es\/sociedad\/olivos-esquilman-agua-milenaria-abrir-puerta-avance-desertificacion-espana_130_6094099.html\" target=\"_blank\" rel=\"noreferrer noopener\" aria-label=\"M\u00e1s informaci\u00f3n (opens in a new tab)\">M\u00e1s informaci\u00f3n<\/a>.<\/p>\n","protected":false},"excerpt":{"rendered":"<p>En Almer\u00eda, miles de hect\u00e1reas dedicadas al cultivo intensivo del olivo, amenazan su acu\u00edfero. Que la agricultura intensiva es una de las causas de los [&#8230;]<\/p>\n","protected":false},"author":15,"featured_media":837,"comment_status":"open","ping_status":"open","sticky":false,"template":"","format":"standard","meta":{"rop_custom_images_group":[],"rop_custom_messages_group":[],"rop_publish_now":"initial","rop_publish_now_accounts":[],"rop_publish_now_history":[],"rop_publish_now_status":"pending","jetpack_post_was_ever_published":false,"_jetpack_newsletter_access":"","_jetpack_dont_email_post_to_subs":false,"_jetpack_newsletter_tier_id":0,"_jetpack_memberships_contains_paywalled_content":false,"_jetpack_memberships_contains_paid_content":false,"footnotes":""},"categories":[3],"tags":[],"class_list":["post-834","post","type-post","status-publish","format-standard","has-post-thumbnail","hentry","category-noticias"],"jetpack_featured_media_url":"https:\/\/redfilosofia.es\/laboratorio\/wp-content\/uploads\/sites\/7\/2020\/07\/Olivares_de_la_campin\u0303a_estepen\u0303a.jpg","jetpack_sharing_enabled":true,"_links":{"self":[{"href":"https:\/\/redfilosofia.es\/laboratorio\/wp-json\/wp\/v2\/posts\/834","targetHints":{"allow":["GET"]}}],"collection":[{"href":"https:\/\/redfilosofia.es\/laboratorio\/wp-json\/wp\/v2\/posts"}],"about":[{"href":"https:\/\/redfilosofia.es\/laboratorio\/wp-json\/wp\/v2\/types\/post"}],"author":[{"embeddable":true,"href":"https:\/\/redfilosofia.es\/laboratorio\/wp-json\/wp\/v2\/users\/15"}],"replies":[{"embeddable":true,"href":"https:\/\/redfilosofia.es\/laboratorio\/wp-json\/wp\/v2\/comments?post=834"}],"version-history":[{"count":1,"href":"https:\/\/redfilosofia.es\/laboratorio\/wp-json\/wp\/v2\/posts\/834\/revisions"}],"predecessor-version":[{"id":838,"href":"https:\/\/redfilosofia.es\/laboratorio\/wp-json\/wp\/v2\/posts\/834\/revisions\/838"}],"wp:featuredmedia":[{"embeddable":true,"href":"https:\/\/redfilosofia.es\/laboratorio\/wp-json\/wp\/v2\/media\/837"}],"wp:attachment":[{"href":"https:\/\/redfilosofia.es\/laboratorio\/wp-json\/wp\/v2\/media?parent=834"}],"wp:term":[{"taxonomy":"category","embeddable":true,"href":"https:\/\/redfilosofia.es\/laboratorio\/wp-json\/wp\/v2\/categories?post=834"},{"taxonomy":"post_tag","embeddable":true,"href":"https:\/\/redfilosofia.es\/laboratorio\/wp-json\/wp\/v2\/tags?post=834"}],"curies":[{"name":"wp","href":"https:\/\/api.w.org\/{rel}","templated":true}]}}